{"id":2225,"date":"2019-10-04T17:07:37","date_gmt":"2019-10-04T22:07:37","guid":{"rendered":"https:\/\/thewonderlusters.com\/?p=2225"},"modified":"2020-05-31T17:40:42","modified_gmt":"2020-05-31T22:40:42","slug":"visite-portugal-chiffres-photos","status":"publish","type":"post","link":"https:\/\/thewonderlusters.com\/fr\/visite-portugal-chiffres-photos\/","title":{"rendered":"6 villes incontournables du Portugal et budget \u00e0 pr\u00e9voir"},"content":{"rendered":"<p>Je vous propose un itin\u00e9raire &#8211; les 6 villes incontournables du Portugal et tout autant de coups de coeur que nous avons eus durant notre visite. Je vous offre \u00e9galement le d\u00e9tail de nos d\u00e9penses \u00e0 la fin de ce texte, afin que vous puissiez pr\u00e9voir votre budget et profiter au mieux de ce beau pays.<\/p>\n<p><strong>Le Portugal fut le 50e pays de notre tour du monde et c&#8217;est un pays surprenant!<\/strong> <a href=\"https:\/\/thewonderlusters.com\/fr\/visite-espagne-chiffres-photos\/\">Pour avoir s\u00e9journ\u00e9 en Espagne<\/a> avant d&#8217;arriver au Portugal, nous nous attendions \u00e0 voir une culture et des d\u00e9cors semblables. Eh bien nous nous \u00e9tions tromp\u00e9s. Tout y est diff\u00e9rent! Les paysages tout en relief, l&#8217;architecture de ses villes, le climat frais, la nourriture de la mer et la mentalit\u00e9 des gens au Portugal sont vraiment tr\u00e8s singuliers. Et ce ne fut pas pour nous d\u00e9plaire!<\/p>\n<h2>Les incontournables du Portugal<\/h2>\n<h3>Elvas<\/h3>\n<p><strong>Elvas <\/strong>est une impressionnante ville fortifi\u00e9e entour\u00e9e d\u2019une ceinture de remparts de 4km et inscrite au patrimoine mondial de l\u2019UNESCO. Elle est c\u00e9l\u00e8bre pour son aqueduc de plus de 8km, compos\u00e9 de 843 arches.<\/p>\n<div id=\"attachment_7081\" style=\"width: 2058px\" class=\"wp-caption aligncenter\"><img fetchpriority=\"high\" decoding=\"async\" aria-describedby=\"caption-attachment-7081\" class=\"size-full wp-image-7081\" src=\"https:\/\/i0.wp.com\/thewonderlusters.com\/wp-content\/uploads\/2019\/08\/Elvas-Amoreira-Aqueduct.jpg?resize=1170%2C780&#038;ssl=1\" alt=\"Elvas Amoreira Aqueduct\" width=\"1170\" height=\"780\" srcset=\"https:\/\/i0.wp.com\/thewonderlusters.com\/wp-content\/uploads\/2019\/08\/Elvas-Amoreira-Aqueduct.jpg?w=2048&amp;ssl=1 2048w, https:\/\/i0.wp.com\/thewonderlusters.com\/wp-content\/uploads\/2019\/08\/Elvas-Amoreira-Aqueduct.jpg?resize=780%2C520&amp;ssl=1 780w, https:\/\/i0.wp.com\/thewonderlusters.com\/wp-content\/uploads\/2019\/08\/Elvas-Amoreira-Aqueduct.jpg?resize=1170%2C780&amp;ssl=1 1170w\" sizes=\"(max-width: 1170px) 100vw, 1170px\" data-recalc-dims=\"1\" \/><p id=\"caption-attachment-7081\" class=\"wp-caption-text\">Elvas Amoreira Aqueduct<\/p><\/div>\n<h3>Lisbonne<\/h3>\n<p>Nous avons profit\u00e9 du soleil couchant \u00e0 <strong>Bel\u00e9m<\/strong>, un quartier de Lisbonne qui compte parmi les attractions les plus embl\u00e9matiques de la ville, parmi lesquelles : <strong>la tour de Bel\u00e9m et le Monast\u00e8re des Hi\u00e9ronymites<\/strong>. Bel\u00e9m est aussi connu comme \u00e9tant le lieu d&#8217;o\u00f9 sont partis beaucoup de grands explorateurs portugais pour leurs voyages \u00e0 travers le monde. En particulier, c&#8217;est l&#8217;endroit d&#8217;o\u00f9 est parti Vasco de Gama en route pour les Indes en 1497. Le tombeau de ce dernier est d\u2019ailleurs situ\u00e9 dans l\u2019\u00e9glise Sainte-Marie du monast\u00e8re des Hi\u00e9ronymites, proche de celui de Camoens (l\u2019\u00e9quivalent portugais de Shakespeare). Bel\u00e9m est inscrite au patrimoine de l\u2019UNESCO.<\/p>\n<div id=\"attachment_7085\" style=\"width: 2058px\" class=\"wp-caption aligncenter\"><img decoding=\"async\" aria-describedby=\"caption-attachment-7085\" class=\"size-full wp-image-7085\" src=\"https:\/\/i0.wp.com\/thewonderlusters.com\/wp-content\/uploads\/2019\/08\/Torre-de-Bel\u00e9m.jpg?resize=1170%2C780&#038;ssl=1\" alt=\"Torre de Bel\u00e9m\" width=\"1170\" height=\"780\" srcset=\"https:\/\/i0.wp.com\/thewonderlusters.com\/wp-content\/uploads\/2019\/08\/Torre-de-Bel\u00e9m.jpg?w=2048&amp;ssl=1 2048w, https:\/\/i0.wp.com\/thewonderlusters.com\/wp-content\/uploads\/2019\/08\/Torre-de-Bel\u00e9m.jpg?resize=780%2C520&amp;ssl=1 780w, https:\/\/i0.wp.com\/thewonderlusters.com\/wp-content\/uploads\/2019\/08\/Torre-de-Bel\u00e9m.jpg?resize=1170%2C780&amp;ssl=1 1170w\" sizes=\"(max-width: 1170px) 100vw, 1170px\" data-recalc-dims=\"1\" \/><p id=\"caption-attachment-7085\" class=\"wp-caption-text\">Torre de Bel\u00e9m<\/p><\/div>\n<div id=\"attachment_7087\" style=\"width: 2058px\" class=\"wp-caption aligncenter\"><img decoding=\"async\" aria-describedby=\"caption-attachment-7087\" class=\"size-full wp-image-7087\" src=\"https:\/\/i0.wp.com\/thewonderlusters.com\/wp-content\/uploads\/2019\/08\/Mosteiro-dos-Jer\u00f3nimos.jpg?resize=1170%2C780&#038;ssl=1\" alt=\"Mosteiro dos Jer\u00f3nimos\" width=\"1170\" height=\"780\" srcset=\"https:\/\/i0.wp.com\/thewonderlusters.com\/wp-content\/uploads\/2019\/08\/Mosteiro-dos-Jer\u00f3nimos.jpg?w=2048&amp;ssl=1 2048w, https:\/\/i0.wp.com\/thewonderlusters.com\/wp-content\/uploads\/2019\/08\/Mosteiro-dos-Jer\u00f3nimos.jpg?resize=780%2C520&amp;ssl=1 780w, https:\/\/i0.wp.com\/thewonderlusters.com\/wp-content\/uploads\/2019\/08\/Mosteiro-dos-Jer\u00f3nimos.jpg?resize=1170%2C780&amp;ssl=1 1170w\" sizes=\"(max-width: 1170px) 100vw, 1170px\" data-recalc-dims=\"1\" \/><p id=\"caption-attachment-7087\" class=\"wp-caption-text\">Mosteiro dos Jer\u00f3nimos<\/p><\/div>\n<p>Ce fut agr\u00e9able d\u2019arpenter les rues \u00e9troites et en pente du <strong>quartier Alfama de Lisbonne<\/strong>, de s\u2019arr\u00eater \u00e0 quelques-uns des nombreux \u00ab miradouros \u00bb ou belv\u00e9d\u00e8res, et de constater \u00e0 quel point les fameux trams participent \u00e0 la dynamique du centre historique.<\/p>\n<div id=\"attachment_7105\" style=\"width: 2058px\" class=\"wp-caption aligncenter\"><img loading=\"lazy\" decoding=\"async\" aria-describedby=\"caption-attachment-7105\" class=\"size-full wp-image-7105\" src=\"https:\/\/i0.wp.com\/thewonderlusters.com\/wp-content\/uploads\/2019\/08\/Lisbon-Alfama-Neighborhood.jpg?resize=1170%2C780&#038;ssl=1\" alt=\"Lisbon Alfama Neighborhood\" width=\"1170\" height=\"780\" srcset=\"https:\/\/i0.wp.com\/thewonderlusters.com\/wp-content\/uploads\/2019\/08\/Lisbon-Alfama-Neighborhood.jpg?w=2048&amp;ssl=1 2048w, https:\/\/i0.wp.com\/thewonderlusters.com\/wp-content\/uploads\/2019\/08\/Lisbon-Alfama-Neighborhood.jpg?resize=780%2C520&amp;ssl=1 780w, https:\/\/i0.wp.com\/thewonderlusters.com\/wp-content\/uploads\/2019\/08\/Lisbon-Alfama-Neighborhood.jpg?resize=1170%2C780&amp;ssl=1 1170w\" sizes=\"(max-width: 1170px) 100vw, 1170px\" data-recalc-dims=\"1\" \/><p id=\"caption-attachment-7105\" class=\"wp-caption-text\">Lisbon Alfama Neighborhood<\/p><\/div>\n<div id=\"attachment_7083\" style=\"width: 2058px\" class=\"wp-caption aligncenter\"><img loading=\"lazy\" decoding=\"async\" aria-describedby=\"caption-attachment-7083\" class=\"size-full wp-image-7083\" src=\"https:\/\/i0.wp.com\/thewonderlusters.com\/wp-content\/uploads\/2019\/08\/Ponte-25-de-Abril-Lisbon.jpg?resize=1170%2C780&#038;ssl=1\" alt=\"Ponte 25 de Abril, Lisbon\" width=\"1170\" height=\"780\" srcset=\"https:\/\/i0.wp.com\/thewonderlusters.com\/wp-content\/uploads\/2019\/08\/Ponte-25-de-Abril-Lisbon.jpg?w=2048&amp;ssl=1 2048w, https:\/\/i0.wp.com\/thewonderlusters.com\/wp-content\/uploads\/2019\/08\/Ponte-25-de-Abril-Lisbon.jpg?resize=780%2C520&amp;ssl=1 780w, https:\/\/i0.wp.com\/thewonderlusters.com\/wp-content\/uploads\/2019\/08\/Ponte-25-de-Abril-Lisbon.jpg?resize=1170%2C780&amp;ssl=1 1170w\" sizes=\"(max-width: 1170px) 100vw, 1170px\" data-recalc-dims=\"1\" \/><p id=\"caption-attachment-7083\" class=\"wp-caption-text\">Ponte 25 de Abril, Lisbon<\/p><\/div>\n<div id=\"attachment_7101\" style=\"width: 2058px\" class=\"wp-caption aligncenter\"><img loading=\"lazy\" decoding=\"async\" aria-describedby=\"caption-attachment-7101\" class=\"size-full wp-image-7101\" src=\"https:\/\/i0.wp.com\/thewonderlusters.com\/wp-content\/uploads\/2019\/08\/One-of-many-viewpoints-in-Lisbon.jpg?resize=1170%2C780&#038;ssl=1\" alt=\"One of many viewpoints in Lisbon\" width=\"1170\" height=\"780\" srcset=\"https:\/\/i0.wp.com\/thewonderlusters.com\/wp-content\/uploads\/2019\/08\/One-of-many-viewpoints-in-Lisbon.jpg?w=2048&amp;ssl=1 2048w, https:\/\/i0.wp.com\/thewonderlusters.com\/wp-content\/uploads\/2019\/08\/One-of-many-viewpoints-in-Lisbon.jpg?resize=780%2C520&amp;ssl=1 780w, https:\/\/i0.wp.com\/thewonderlusters.com\/wp-content\/uploads\/2019\/08\/One-of-many-viewpoints-in-Lisbon.jpg?resize=1170%2C780&amp;ssl=1 1170w\" sizes=\"(max-width: 1170px) 100vw, 1170px\" data-recalc-dims=\"1\" \/><p id=\"caption-attachment-7101\" class=\"wp-caption-text\">One of many viewpoints in Lisbon<\/p><\/div>\n<div id=\"attachment_7103\" style=\"width: 2058px\" class=\"wp-caption aligncenter\"><img loading=\"lazy\" decoding=\"async\" aria-describedby=\"caption-attachment-7103\" class=\"size-full wp-image-7103\" src=\"https:\/\/i0.wp.com\/thewonderlusters.com\/wp-content\/uploads\/2019\/08\/Lisbon-Tram.jpg?resize=1170%2C780&#038;ssl=1\" alt=\"Lisbon Tram\" width=\"1170\" height=\"780\" srcset=\"https:\/\/i0.wp.com\/thewonderlusters.com\/wp-content\/uploads\/2019\/08\/Lisbon-Tram.jpg?w=2048&amp;ssl=1 2048w, https:\/\/i0.wp.com\/thewonderlusters.com\/wp-content\/uploads\/2019\/08\/Lisbon-Tram.jpg?resize=780%2C520&amp;ssl=1 780w, https:\/\/i0.wp.com\/thewonderlusters.com\/wp-content\/uploads\/2019\/08\/Lisbon-Tram.jpg?resize=1170%2C780&amp;ssl=1 1170w\" sizes=\"(max-width: 1170px) 100vw, 1170px\" data-recalc-dims=\"1\" \/><p id=\"caption-attachment-7103\" class=\"wp-caption-text\">Lisbon Tram<\/p><\/div>\n<div id=\"attachment_7109\" style=\"width: 2058px\" class=\"wp-caption aligncenter\"><img loading=\"lazy\" decoding=\"async\" aria-describedby=\"caption-attachment-7109\" class=\"size-full wp-image-7109\" src=\"https:\/\/i0.wp.com\/thewonderlusters.com\/wp-content\/uploads\/2019\/08\/Pra\u00e7a-do-Com\u00e9rcio.jpg?resize=1170%2C780&#038;ssl=1\" alt=\"Pra\u00e7a do Com\u00e9rcio\" width=\"1170\" height=\"780\" srcset=\"https:\/\/i0.wp.com\/thewonderlusters.com\/wp-content\/uploads\/2019\/08\/Pra\u00e7a-do-Com\u00e9rcio.jpg?w=2048&amp;ssl=1 2048w, https:\/\/i0.wp.com\/thewonderlusters.com\/wp-content\/uploads\/2019\/08\/Pra\u00e7a-do-Com\u00e9rcio.jpg?resize=780%2C520&amp;ssl=1 780w, https:\/\/i0.wp.com\/thewonderlusters.com\/wp-content\/uploads\/2019\/08\/Pra\u00e7a-do-Com\u00e9rcio.jpg?resize=1170%2C780&amp;ssl=1 1170w\" sizes=\"(max-width: 1170px) 100vw, 1170px\" data-recalc-dims=\"1\" \/><p id=\"caption-attachment-7109\" class=\"wp-caption-text\">Pra\u00e7a do Com\u00e9rcio<\/p><\/div>\n<h3>Sintra<\/h3>\n<p>\u00c0 20 minutes de Lisbonne se trouve <strong>Sintra<\/strong>, une riche ville entour\u00e9e de somptueux palais et ch\u00e2teaux, aussi inscrite au patrimoine de l\u2019UNESCO. Nous avons pr\u00e9f\u00e9r\u00e9 concentrer notre visite sur deux attractions majeures : <strong>le Ch\u00e2teau m\u00e9di\u00e9val des Maures et la Quinta (domaine) da Regaleira<\/strong>.<\/p>\n<p><a href=\"https:\/\/fr.wikipedia.org\/wiki\/Palais_de_la_Regaleira\" target=\"_blank\" rel=\"noopener noreferrer\"><strong>La Quinta da Regaleira<\/strong><\/a> est constitu\u00e9e d\u2019un palais romantique, une chapelle, un parc avec lacs grottes, fontaines, tunnels et puits. L\u2019attraction la plus r\u00e9put\u00e9e du domaine est le \u00ab puit initiatique \u00bb qui, selon la tradition mystique, \u00ab conduirait \u00bb symboliquement l&#8217;initi\u00e9 des t\u00e9n\u00e8bres vers la lumi\u00e8re en passant par plusieurs \u00ab paliers \u00bb. Pour l\u2019histoire, la Quinta da Regaleira est r\u00e9put\u00e9e pour \u00eatre un des lieux contenant le plus de r\u00e9f\u00e9rences \u00e0 l\u2019alchimie, \u00e0 la franc-ma\u00e7onnerie et aux Templiers du Portugal.<\/p>\n<div id=\"attachment_7089\" style=\"width: 2058px\" class=\"wp-caption aligncenter\"><img loading=\"lazy\" decoding=\"async\" aria-describedby=\"caption-attachment-7089\" class=\"size-full wp-image-7089\" src=\"https:\/\/i0.wp.com\/thewonderlusters.com\/wp-content\/uploads\/2019\/08\/Quinta-da-Regaleira-Iniciatic-Well.jpg?resize=1170%2C780&#038;ssl=1\" alt=\"Quinta da Regaleira Iniciatic Well\" width=\"1170\" height=\"780\" srcset=\"https:\/\/i0.wp.com\/thewonderlusters.com\/wp-content\/uploads\/2019\/08\/Quinta-da-Regaleira-Iniciatic-Well.jpg?w=2048&amp;ssl=1 2048w, https:\/\/i0.wp.com\/thewonderlusters.com\/wp-content\/uploads\/2019\/08\/Quinta-da-Regaleira-Iniciatic-Well.jpg?resize=780%2C520&amp;ssl=1 780w, https:\/\/i0.wp.com\/thewonderlusters.com\/wp-content\/uploads\/2019\/08\/Quinta-da-Regaleira-Iniciatic-Well.jpg?resize=1170%2C780&amp;ssl=1 1170w\" sizes=\"(max-width: 1170px) 100vw, 1170px\" data-recalc-dims=\"1\" \/><p id=\"caption-attachment-7089\" class=\"wp-caption-text\">Quinta da Regaleira Iniciatic Well<\/p><\/div>\n<div id=\"attachment_7091\" style=\"width: 2058px\" class=\"wp-caption aligncenter\"><img loading=\"lazy\" decoding=\"async\" aria-describedby=\"caption-attachment-7091\" class=\"size-full wp-image-7091\" src=\"https:\/\/i0.wp.com\/thewonderlusters.com\/wp-content\/uploads\/2019\/08\/Quinta-da-Regaleira-Palace.jpg?resize=1170%2C780&#038;ssl=1\" alt=\"Quinta da Regaleira Palace\" width=\"1170\" height=\"780\" srcset=\"https:\/\/i0.wp.com\/thewonderlusters.com\/wp-content\/uploads\/2019\/08\/Quinta-da-Regaleira-Palace.jpg?w=2048&amp;ssl=1 2048w, https:\/\/i0.wp.com\/thewonderlusters.com\/wp-content\/uploads\/2019\/08\/Quinta-da-Regaleira-Palace.jpg?resize=780%2C520&amp;ssl=1 780w, https:\/\/i0.wp.com\/thewonderlusters.com\/wp-content\/uploads\/2019\/08\/Quinta-da-Regaleira-Palace.jpg?resize=1170%2C780&amp;ssl=1 1170w\" sizes=\"(max-width: 1170px) 100vw, 1170px\" data-recalc-dims=\"1\" \/><p id=\"caption-attachment-7091\" class=\"wp-caption-text\">Quinta da Regaleira Palace<\/p><\/div>\n<div id=\"attachment_7093\" style=\"width: 2058px\" class=\"wp-caption aligncenter\"><img loading=\"lazy\" decoding=\"async\" aria-describedby=\"caption-attachment-7093\" class=\"size-full wp-image-7093\" src=\"https:\/\/i0.wp.com\/thewonderlusters.com\/wp-content\/uploads\/2019\/08\/View-on-the-Moorish-Castle-from-Quinta-da-Regaleira.jpg?resize=1170%2C780&#038;ssl=1\" alt=\"View on the Moorish Castle from Quinta da Regaleira\" width=\"1170\" height=\"780\" srcset=\"https:\/\/i0.wp.com\/thewonderlusters.com\/wp-content\/uploads\/2019\/08\/View-on-the-Moorish-Castle-from-Quinta-da-Regaleira.jpg?w=2048&amp;ssl=1 2048w, https:\/\/i0.wp.com\/thewonderlusters.com\/wp-content\/uploads\/2019\/08\/View-on-the-Moorish-Castle-from-Quinta-da-Regaleira.jpg?resize=780%2C520&amp;ssl=1 780w, https:\/\/i0.wp.com\/thewonderlusters.com\/wp-content\/uploads\/2019\/08\/View-on-the-Moorish-Castle-from-Quinta-da-Regaleira.jpg?resize=1170%2C780&amp;ssl=1 1170w\" sizes=\"(max-width: 1170px) 100vw, 1170px\" data-recalc-dims=\"1\" \/><p id=\"caption-attachment-7093\" class=\"wp-caption-text\">View on the Moorish Castle from Quinta da Regaleira<\/p><\/div>\n<p><strong>Le Ch\u00e2teau m\u00e9di\u00e9val des Maures<\/strong> remonte aux d\u00e9buts de l&#8217;occupation de la p\u00e9ninsule ib\u00e9rique par les Maures au VIII\u00e8me si\u00e8cle. Il est r\u00e9ellement impressionnant et offre des vues spectaculaires sur tout Sintra! Ses murailles \u00e9pousent \u00e0 merveille les contours de la montagne sur laquelle il sied.<\/p>\n<div id=\"attachment_7095\" style=\"width: 2058px\" class=\"wp-caption aligncenter\"><img loading=\"lazy\" decoding=\"async\" aria-describedby=\"caption-attachment-7095\" class=\"size-full wp-image-7095\" src=\"https:\/\/i0.wp.com\/thewonderlusters.com\/wp-content\/uploads\/2019\/08\/Castelo-dos-Mouros.jpg?resize=1170%2C780&#038;ssl=1\" alt=\"Castelo dos Mouros\" width=\"1170\" height=\"780\" srcset=\"https:\/\/i0.wp.com\/thewonderlusters.com\/wp-content\/uploads\/2019\/08\/Castelo-dos-Mouros.jpg?w=2048&amp;ssl=1 2048w, https:\/\/i0.wp.com\/thewonderlusters.com\/wp-content\/uploads\/2019\/08\/Castelo-dos-Mouros.jpg?resize=780%2C520&amp;ssl=1 780w, https:\/\/i0.wp.com\/thewonderlusters.com\/wp-content\/uploads\/2019\/08\/Castelo-dos-Mouros.jpg?resize=1170%2C780&amp;ssl=1 1170w\" sizes=\"(max-width: 1170px) 100vw, 1170px\" data-recalc-dims=\"1\" \/><p id=\"caption-attachment-7095\" class=\"wp-caption-text\">Castelo dos Mouros<\/p><\/div>\n<div id=\"attachment_7097\" style=\"width: 2058px\" class=\"wp-caption aligncenter\"><img loading=\"lazy\" decoding=\"async\" aria-describedby=\"caption-attachment-7097\" class=\"size-full wp-image-7097\" src=\"https:\/\/i0.wp.com\/thewonderlusters.com\/wp-content\/uploads\/2019\/08\/Castelo-dos-Mouros-2.jpg?resize=1170%2C780&#038;ssl=1\" alt=\"Castelo dos Mouros\" width=\"1170\" height=\"780\" srcset=\"https:\/\/i0.wp.com\/thewonderlusters.com\/wp-content\/uploads\/2019\/08\/Castelo-dos-Mouros-2.jpg?w=2048&amp;ssl=1 2048w, https:\/\/i0.wp.com\/thewonderlusters.com\/wp-content\/uploads\/2019\/08\/Castelo-dos-Mouros-2.jpg?resize=780%2C520&amp;ssl=1 780w, https:\/\/i0.wp.com\/thewonderlusters.com\/wp-content\/uploads\/2019\/08\/Castelo-dos-Mouros-2.jpg?resize=1170%2C780&amp;ssl=1 1170w\" sizes=\"(max-width: 1170px) 100vw, 1170px\" data-recalc-dims=\"1\" \/><p id=\"caption-attachment-7097\" class=\"wp-caption-text\">Castelo dos Mouros<\/p><\/div>\n<h3>Tomar<\/h3>\n<p><strong>Tomar<\/strong> est plus commun\u00e9ment surnomm\u00e9e \u00ab la ville des Templiers \u00bb, vous savez, ceux dont Dan Brown parle dans son Da Vinci Code! On y trouve <strong>le Couvent de l\u2019ordre du Christ<\/strong> qui est aujourd\u2019hui l\u2019un des monuments historiques les plus importants du Portugal. Datant du 12e si\u00e8cle, il fut \u00e0 l\u2019origine une forteresse b\u00e2tie pour si\u00e9ger les quartiers g\u00e9n\u00e9raux de l\u2019Ordre du Temple, cette milice religieuse qui participa aux croisades vers J\u00e9rusalem et \u00e0 la reconqu\u00eate ib\u00e9rique contre les Maures.<\/p>\n<div id=\"attachment_7111\" style=\"width: 2058px\" class=\"wp-caption aligncenter\"><img loading=\"lazy\" decoding=\"async\" aria-describedby=\"caption-attachment-7111\" class=\"size-full wp-image-7111\" src=\"https:\/\/i0.wp.com\/thewonderlusters.com\/wp-content\/uploads\/2019\/08\/Convento-de-Cristo-Tomar.jpg?resize=1170%2C780&#038;ssl=1\" alt=\"Convento de Cristo, Tomar\" width=\"1170\" height=\"780\" srcset=\"https:\/\/i0.wp.com\/thewonderlusters.com\/wp-content\/uploads\/2019\/08\/Convento-de-Cristo-Tomar.jpg?w=2048&amp;ssl=1 2048w, https:\/\/i0.wp.com\/thewonderlusters.com\/wp-content\/uploads\/2019\/08\/Convento-de-Cristo-Tomar.jpg?resize=780%2C520&amp;ssl=1 780w, https:\/\/i0.wp.com\/thewonderlusters.com\/wp-content\/uploads\/2019\/08\/Convento-de-Cristo-Tomar.jpg?resize=1170%2C780&amp;ssl=1 1170w\" sizes=\"(max-width: 1170px) 100vw, 1170px\" data-recalc-dims=\"1\" \/><p id=\"caption-attachment-7111\" class=\"wp-caption-text\">Convento de Cristo, Tomar<\/p><\/div>\n<div id=\"attachment_7113\" style=\"width: 2058px\" class=\"wp-caption aligncenter\"><img loading=\"lazy\" decoding=\"async\" aria-describedby=\"caption-attachment-7113\" class=\"size-full wp-image-7113\" src=\"https:\/\/i0.wp.com\/thewonderlusters.com\/wp-content\/uploads\/2019\/08\/Convento-de-Cristo-Tomar-2.jpg?resize=1170%2C780&#038;ssl=1\" alt=\"Convento de Cristo, Tomar\" width=\"1170\" height=\"780\" srcset=\"https:\/\/i0.wp.com\/thewonderlusters.com\/wp-content\/uploads\/2019\/08\/Convento-de-Cristo-Tomar-2.jpg?w=2048&amp;ssl=1 2048w, https:\/\/i0.wp.com\/thewonderlusters.com\/wp-content\/uploads\/2019\/08\/Convento-de-Cristo-Tomar-2.jpg?resize=780%2C520&amp;ssl=1 780w, https:\/\/i0.wp.com\/thewonderlusters.com\/wp-content\/uploads\/2019\/08\/Convento-de-Cristo-Tomar-2.jpg?resize=1170%2C780&amp;ssl=1 1170w\" sizes=\"(max-width: 1170px) 100vw, 1170px\" data-recalc-dims=\"1\" \/><p id=\"caption-attachment-7113\" class=\"wp-caption-text\">Convento de Cristo, Tomar<\/p><\/div>\n<h3>Coimbre<\/h3>\n<p>\u00c0 mi-chemin entre Lisbonne et Porto se situe la ville de <strong>Coimbre<\/strong>, dont la r\u00e9put\u00e9e universit\u00e9 est la plus vieille du Portugal, datant de 1290. C&#8217;est une moyenne ville o\u00f9 il fait bon de se balader.<\/p>\n<div id=\"attachment_7115\" style=\"width: 2058px\" class=\"wp-caption aligncenter\"><img loading=\"lazy\" decoding=\"async\" aria-describedby=\"caption-attachment-7115\" class=\"size-full wp-image-7115\" src=\"https:\/\/i0.wp.com\/thewonderlusters.com\/wp-content\/uploads\/2019\/08\/Coimbra.jpg?resize=1170%2C780&#038;ssl=1\" alt=\"Coimbra\" width=\"1170\" height=\"780\" srcset=\"https:\/\/i0.wp.com\/thewonderlusters.com\/wp-content\/uploads\/2019\/08\/Coimbra.jpg?w=2048&amp;ssl=1 2048w, https:\/\/i0.wp.com\/thewonderlusters.com\/wp-content\/uploads\/2019\/08\/Coimbra.jpg?resize=780%2C520&amp;ssl=1 780w, https:\/\/i0.wp.com\/thewonderlusters.com\/wp-content\/uploads\/2019\/08\/Coimbra.jpg?resize=1170%2C780&amp;ssl=1 1170w\" sizes=\"(max-width: 1170px) 100vw, 1170px\" data-recalc-dims=\"1\" \/><p id=\"caption-attachment-7115\" class=\"wp-caption-text\">Coimbra<\/p><\/div>\n<div id=\"attachment_7117\" style=\"width: 2058px\" class=\"wp-caption aligncenter\"><img loading=\"lazy\" decoding=\"async\" aria-describedby=\"caption-attachment-7117\" class=\"size-full wp-image-7117\" src=\"https:\/\/i0.wp.com\/thewonderlusters.com\/wp-content\/uploads\/2019\/08\/Coimbra-University.jpg?resize=1170%2C780&#038;ssl=1\" alt=\"Coimbra University\" width=\"1170\" height=\"780\" srcset=\"https:\/\/i0.wp.com\/thewonderlusters.com\/wp-content\/uploads\/2019\/08\/Coimbra-University.jpg?w=2048&amp;ssl=1 2048w, https:\/\/i0.wp.com\/thewonderlusters.com\/wp-content\/uploads\/2019\/08\/Coimbra-University.jpg?resize=780%2C520&amp;ssl=1 780w, https:\/\/i0.wp.com\/thewonderlusters.com\/wp-content\/uploads\/2019\/08\/Coimbra-University.jpg?resize=1170%2C780&amp;ssl=1 1170w\" sizes=\"(max-width: 1170px) 100vw, 1170px\" data-recalc-dims=\"1\" \/><p id=\"caption-attachment-7117\" class=\"wp-caption-text\">Coimbra University<\/p><\/div>\n<div id=\"attachment_7119\" style=\"width: 2058px\" class=\"wp-caption aligncenter\"><img loading=\"lazy\" decoding=\"async\" aria-describedby=\"caption-attachment-7119\" class=\"size-full wp-image-7119\" src=\"https:\/\/i0.wp.com\/thewonderlusters.com\/wp-content\/uploads\/2019\/08\/Coimbra-2.jpg?resize=1170%2C780&#038;ssl=1\" alt=\"Coimbra\" width=\"1170\" height=\"780\" srcset=\"https:\/\/i0.wp.com\/thewonderlusters.com\/wp-content\/uploads\/2019\/08\/Coimbra-2.jpg?w=2048&amp;ssl=1 2048w, https:\/\/i0.wp.com\/thewonderlusters.com\/wp-content\/uploads\/2019\/08\/Coimbra-2.jpg?resize=780%2C520&amp;ssl=1 780w, https:\/\/i0.wp.com\/thewonderlusters.com\/wp-content\/uploads\/2019\/08\/Coimbra-2.jpg?resize=1170%2C780&amp;ssl=1 1170w\" sizes=\"(max-width: 1170px) 100vw, 1170px\" data-recalc-dims=\"1\" \/><p id=\"caption-attachment-7119\" class=\"wp-caption-text\">Coimbra<\/p><\/div>\n<div id=\"attachment_7121\" style=\"width: 2058px\" class=\"wp-caption aligncenter\"><img loading=\"lazy\" decoding=\"async\" aria-describedby=\"caption-attachment-7121\" class=\"size-full wp-image-7121\" src=\"https:\/\/i0.wp.com\/thewonderlusters.com\/wp-content\/uploads\/2019\/08\/Coimbra-3.jpg?resize=1170%2C780&#038;ssl=1\" alt=\"Coimbra\" width=\"1170\" height=\"780\" srcset=\"https:\/\/i0.wp.com\/thewonderlusters.com\/wp-content\/uploads\/2019\/08\/Coimbra-3.jpg?w=2048&amp;ssl=1 2048w, https:\/\/i0.wp.com\/thewonderlusters.com\/wp-content\/uploads\/2019\/08\/Coimbra-3.jpg?resize=780%2C520&amp;ssl=1 780w, https:\/\/i0.wp.com\/thewonderlusters.com\/wp-content\/uploads\/2019\/08\/Coimbra-3.jpg?resize=1170%2C780&amp;ssl=1 1170w\" sizes=\"(max-width: 1170px) 100vw, 1170px\" data-recalc-dims=\"1\" \/><p id=\"caption-attachment-7121\" class=\"wp-caption-text\">Coimbra<\/p><\/div>\n<h3>Porto<\/h3>\n<p><strong>Porto<\/strong>, 2e plus grande ville du Portugal, est connu pour son vin de Porto \u00e9videmment. Mais c&#8217;est son architecture et ses \u00e9troites rues pav\u00e9es qui nous ont le plus marqu\u00e9. Porto nous a charm\u00e9 par sa situation tout en relief sur le bord du fleuve Douro, ainsi que ses ponts majestueux qui la relie \u00e0 Vila Nova de Gaia.<\/p>\n<div id=\"attachment_7135\" style=\"width: 2058px\" class=\"wp-caption aligncenter\"><img loading=\"lazy\" decoding=\"async\" aria-describedby=\"caption-attachment-7135\" class=\"size-full wp-image-7135\" src=\"https:\/\/i0.wp.com\/thewonderlusters.com\/wp-content\/uploads\/2019\/08\/Dom-Lu\u00eds-Bridge.jpg?resize=1170%2C780&#038;ssl=1\" alt=\"Dom-Lu\u00eds Bridge\" width=\"1170\" height=\"780\" srcset=\"https:\/\/i0.wp.com\/thewonderlusters.com\/wp-content\/uploads\/2019\/08\/Dom-Lu\u00eds-Bridge.jpg?w=2048&amp;ssl=1 2048w, https:\/\/i0.wp.com\/thewonderlusters.com\/wp-content\/uploads\/2019\/08\/Dom-Lu\u00eds-Bridge.jpg?resize=780%2C520&amp;ssl=1 780w, https:\/\/i0.wp.com\/thewonderlusters.com\/wp-content\/uploads\/2019\/08\/Dom-Lu\u00eds-Bridge.jpg?resize=1170%2C780&amp;ssl=1 1170w\" sizes=\"(max-width: 1170px) 100vw, 1170px\" data-recalc-dims=\"1\" \/><p id=\"caption-attachment-7135\" class=\"wp-caption-text\">Dom-Lu\u00eds Bridge<\/p><\/div>\n<div id=\"attachment_7125\" style=\"width: 2058px\" class=\"wp-caption aligncenter\"><img loading=\"lazy\" decoding=\"async\" aria-describedby=\"caption-attachment-7125\" class=\"size-full wp-image-7125\" src=\"https:\/\/i0.wp.com\/thewonderlusters.com\/wp-content\/uploads\/2019\/08\/Porto-View-from-Vila-Nova-de-Gaia.jpg?resize=1170%2C780&#038;ssl=1\" alt=\"Porto - View from Vila Nova de Gaia\" width=\"1170\" height=\"780\" srcset=\"https:\/\/i0.wp.com\/thewonderlusters.com\/wp-content\/uploads\/2019\/08\/Porto-View-from-Vila-Nova-de-Gaia.jpg?w=2048&amp;ssl=1 2048w, https:\/\/i0.wp.com\/thewonderlusters.com\/wp-content\/uploads\/2019\/08\/Porto-View-from-Vila-Nova-de-Gaia.jpg?resize=780%2C520&amp;ssl=1 780w, https:\/\/i0.wp.com\/thewonderlusters.com\/wp-content\/uploads\/2019\/08\/Porto-View-from-Vila-Nova-de-Gaia.jpg?resize=1170%2C780&amp;ssl=1 1170w\" sizes=\"(max-width: 1170px) 100vw, 1170px\" data-recalc-dims=\"1\" \/><p id=\"caption-attachment-7125\" class=\"wp-caption-text\">Porto &#8211; View from Vila Nova de Gaia<\/p><\/div>\n<div id=\"attachment_7133\" style=\"width: 2058px\" class=\"wp-caption aligncenter\"><img loading=\"lazy\" decoding=\"async\" aria-describedby=\"caption-attachment-7133\" class=\"size-full wp-image-7133\" src=\"https:\/\/i0.wp.com\/thewonderlusters.com\/wp-content\/uploads\/2019\/08\/Porto.jpg?resize=1170%2C780&#038;ssl=1\" alt=\"Porto, view from Dom-Lu\u00eds Bridge\" width=\"1170\" height=\"780\" srcset=\"https:\/\/i0.wp.com\/thewonderlusters.com\/wp-content\/uploads\/2019\/08\/Porto.jpg?w=2048&amp;ssl=1 2048w, https:\/\/i0.wp.com\/thewonderlusters.com\/wp-content\/uploads\/2019\/08\/Porto.jpg?resize=780%2C520&amp;ssl=1 780w, https:\/\/i0.wp.com\/thewonderlusters.com\/wp-content\/uploads\/2019\/08\/Porto.jpg?resize=1170%2C780&amp;ssl=1 1170w\" sizes=\"(max-width: 1170px) 100vw, 1170px\" data-recalc-dims=\"1\" \/><p id=\"caption-attachment-7133\" class=\"wp-caption-text\">Porto, view from Dom-Lu\u00eds Bridge<\/p><\/div>\n<div id=\"attachment_7129\" style=\"width: 2058px\" class=\"wp-caption aligncenter\"><img loading=\"lazy\" decoding=\"async\" aria-describedby=\"caption-attachment-7129\" class=\"size-full wp-image-7129\" src=\"https:\/\/i0.wp.com\/thewonderlusters.com\/wp-content\/uploads\/2019\/08\/The-Douro-River.jpg?resize=1170%2C780&#038;ssl=1\" alt=\"The Douro River\" width=\"1170\" height=\"780\" srcset=\"https:\/\/i0.wp.com\/thewonderlusters.com\/wp-content\/uploads\/2019\/08\/The-Douro-River.jpg?w=2048&amp;ssl=1 2048w, https:\/\/i0.wp.com\/thewonderlusters.com\/wp-content\/uploads\/2019\/08\/The-Douro-River.jpg?resize=780%2C520&amp;ssl=1 780w, https:\/\/i0.wp.com\/thewonderlusters.com\/wp-content\/uploads\/2019\/08\/The-Douro-River.jpg?resize=1170%2C780&amp;ssl=1 1170w\" sizes=\"(max-width: 1170px) 100vw, 1170px\" data-recalc-dims=\"1\" \/><p id=\"caption-attachment-7129\" class=\"wp-caption-text\">The Douro River<\/p><\/div>\n<div id=\"attachment_7131\" style=\"width: 2058px\" class=\"wp-caption aligncenter\"><img loading=\"lazy\" decoding=\"async\" aria-describedby=\"caption-attachment-7131\" class=\"size-full wp-image-7131\" src=\"https:\/\/i0.wp.com\/thewonderlusters.com\/wp-content\/uploads\/2019\/08\/Cathedral-of-Porto.jpg?resize=1170%2C780&#038;ssl=1\" alt=\"Cathedral of Porto\" width=\"1170\" height=\"780\" srcset=\"https:\/\/i0.wp.com\/thewonderlusters.com\/wp-content\/uploads\/2019\/08\/Cathedral-of-Porto.jpg?w=2048&amp;ssl=1 2048w, https:\/\/i0.wp.com\/thewonderlusters.com\/wp-content\/uploads\/2019\/08\/Cathedral-of-Porto.jpg?resize=780%2C520&amp;ssl=1 780w, https:\/\/i0.wp.com\/thewonderlusters.com\/wp-content\/uploads\/2019\/08\/Cathedral-of-Porto.jpg?resize=1170%2C780&amp;ssl=1 1170w\" sizes=\"(max-width: 1170px) 100vw, 1170px\" data-recalc-dims=\"1\" \/><p id=\"caption-attachment-7131\" class=\"wp-caption-text\">Cathedral of Porto<\/p><\/div>\n<div id=\"attachment_7137\" style=\"width: 1375px\" class=\"wp-caption aligncenter\"><img loading=\"lazy\" decoding=\"async\" aria-describedby=\"caption-attachment-7137\" class=\"size-full wp-image-7137\" src=\"https:\/\/i0.wp.com\/thewonderlusters.com\/wp-content\/uploads\/2019\/08\/Coelho-arte-urbana-de-Bordalo-II.jpg?resize=1170%2C1755&#038;ssl=1\" alt=\"Coelho, arte urbana de Bordalo II\" width=\"1170\" height=\"1755\" srcset=\"https:\/\/i0.wp.com\/thewonderlusters.com\/wp-content\/uploads\/2019\/08\/Coelho-arte-urbana-de-Bordalo-II.jpg?w=1365&amp;ssl=1 1365w, https:\/\/i0.wp.com\/thewonderlusters.com\/wp-content\/uploads\/2019\/08\/Coelho-arte-urbana-de-Bordalo-II.jpg?resize=780%2C1170&amp;ssl=1 780w, https:\/\/i0.wp.com\/thewonderlusters.com\/wp-content\/uploads\/2019\/08\/Coelho-arte-urbana-de-Bordalo-II.jpg?resize=1170%2C1755&amp;ssl=1 1170w\" sizes=\"(max-width: 1170px) 100vw, 1170px\" data-recalc-dims=\"1\" \/><p id=\"caption-attachment-7137\" class=\"wp-caption-text\">Coelho, arte urbana de Bordalo II<\/p><\/div>\n<div id=\"attachment_7139\" style=\"width: 2058px\" class=\"wp-caption aligncenter\"><img loading=\"lazy\" decoding=\"async\" aria-describedby=\"caption-attachment-7139\" class=\"size-full wp-image-7139\" src=\"https:\/\/i0.wp.com\/thewonderlusters.com\/wp-content\/uploads\/2019\/08\/Sunset-on-Porto.jpg?resize=1170%2C780&#038;ssl=1\" alt=\"Sunset on Porto\" width=\"1170\" height=\"780\" srcset=\"https:\/\/i0.wp.com\/thewonderlusters.com\/wp-content\/uploads\/2019\/08\/Sunset-on-Porto.jpg?w=2048&amp;ssl=1 2048w, https:\/\/i0.wp.com\/thewonderlusters.com\/wp-content\/uploads\/2019\/08\/Sunset-on-Porto.jpg?resize=780%2C520&amp;ssl=1 780w, https:\/\/i0.wp.com\/thewonderlusters.com\/wp-content\/uploads\/2019\/08\/Sunset-on-Porto.jpg?resize=1170%2C780&amp;ssl=1 1170w\" sizes=\"(max-width: 1170px) 100vw, 1170px\" data-recalc-dims=\"1\" \/><p id=\"caption-attachment-7139\" class=\"wp-caption-text\">Sunset on Porto<\/p><\/div>\n<h2>Pour mieux se pr\u00e9parer<\/h2>\n<h3>Itin\u00e9raire<\/h3>\n<p>Nous n&#8217;avons s\u00e9journ\u00e9 que 5 jours au Portugal, ce qui nous a quand m\u00eame permis de voir <strong>Elvas, <a href=\"https:\/\/www.visitlisboa.com\/fr\" target=\"_blank\" rel=\"noopener noreferrer\">Lisbonne<\/a>, Tomar, Coimbre et Porto<\/strong>. Ces villes sont \u00e0 notre sens des incontournables du Portugal, puisque nous avons appr\u00e9ci\u00e9 la richesse de l&#8217;histoire de chacun de ces endroits.<\/p>\n<div id=\"cpm_igOVTB\" class=\"cpm-map\" style=\"display:none; width:100%; height:450px; clear:both; overflow:hidden; margin:0px auto;\"><\/div><script type=\"text\/javascript\">\nvar cpm_language = {\"lng\":\"en\"};var cpm_api_key = 'AIzaSyDEobpH407Wj8IAtHU2r7pZqf6_C_0_vio';\nvar cpm_global = cpm_global || {};\ncpm_global['cpm_igOVTB'] = {}; \ncpm_global['cpm_igOVTB']['zoom'] = 10;\ncpm_global['cpm_igOVTB']['dynamic_zoom'] = true;\ncpm_global['cpm_igOVTB']['markers'] = new Array();\ncpm_global['cpm_igOVTB']['shapes'] = {};\ncpm_global['cpm_igOVTB']['display'] = 'map';\ncpm_global['cpm_igOVTB']['drag_map'] = false;\ncpm_global['cpm_igOVTB']['route'] = false;\ncpm_global['cpm_igOVTB']['polyline'] = false;\ncpm_global['cpm_igOVTB']['show_window'] = true;\ncpm_global['cpm_igOVTB']['show_default'] = false;\ncpm_global['cpm_igOVTB']['MarkerClusterer'] = true;\ncpm_global['cpm_igOVTB']['mode'] = 'DRIVING';\ncpm_global['cpm_igOVTB']['highlight_class'] = 'cpm_highlight';\ncpm_global['cpm_igOVTB']['legend'] = false;\ncpm_global['cpm_igOVTB']['legend_title'] = '';\ncpm_global['cpm_igOVTB']['legend_class'] = '';\ncpm_global['cpm_igOVTB']['search_box'] = false;\ncpm_global['cpm_igOVTB']['kml'] = '';\ncpm_global['cpm_igOVTB']['highlight'] = true;\ncpm_global['cpm_igOVTB']['type'] = 'ROADMAP';\ncpm_global['cpm_igOVTB']['mousewheel'] = true;\ncpm_global['cpm_igOVTB']['zoompancontrol'] = true;\ncpm_global['cpm_igOVTB']['fullscreencontrol'] = true;\ncpm_global['cpm_igOVTB']['typecontrol'] = true;\ncpm_global['cpm_igOVTB']['streetviewcontrol'] = false;\ncpm_global['cpm_igOVTB']['trafficlayer'] = false;\n<\/script><noscript>\n            codepeople-post-map require JavaScript\n        <\/noscript>\n        \n<h3>Mode de vie<\/h3>\n<p>Pour visiter le Portugal, <strong>nous avions la m\u00eame voiture que nous avions lou\u00e9 en Espagne<\/strong>. Ce fut plus que pratique pour visiter les r\u00e9gions en p\u00e9riph\u00e9rie des grands centres, telles que Sintra et Belem. Cependant, on a senti que la circulation en voiture dans les r\u00e9gions urbaines \u00e9tait plus compliqu\u00e9e qu&#8217;en Espagne, et plus particuli\u00e8rement pour trouver du parking.<\/p>\n<p><strong>Nous avons lou\u00e9 des logements \u00e0 distance de marche du centre de Lisbonne (3nuits) et de Porto (2 nuits)<\/strong> pour facilement acc\u00e9der aux attractions.<\/p>\n<div id=\"attachment_7143\" style=\"width: 2058px\" class=\"wp-caption aligncenter\"><img loading=\"lazy\" decoding=\"async\" aria-describedby=\"caption-attachment-7143\" class=\"size-full wp-image-7143\" src=\"https:\/\/i0.wp.com\/thewonderlusters.com\/wp-content\/uploads\/2019\/08\/Our-apartment-in-Porto.jpg?resize=1170%2C780&#038;ssl=1\" alt=\"Our apartment in Porto\" width=\"1170\" height=\"780\" srcset=\"https:\/\/i0.wp.com\/thewonderlusters.com\/wp-content\/uploads\/2019\/08\/Our-apartment-in-Porto.jpg?w=2048&amp;ssl=1 2048w, https:\/\/i0.wp.com\/thewonderlusters.com\/wp-content\/uploads\/2019\/08\/Our-apartment-in-Porto.jpg?resize=780%2C520&amp;ssl=1 780w, https:\/\/i0.wp.com\/thewonderlusters.com\/wp-content\/uploads\/2019\/08\/Our-apartment-in-Porto.jpg?resize=1170%2C780&amp;ssl=1 1170w\" sizes=\"(max-width: 1170px) 100vw, 1170px\" data-recalc-dims=\"1\" \/><p id=\"caption-attachment-7143\" class=\"wp-caption-text\">Our apartment in Porto<\/p><\/div>\n<h3>Nourriture<\/h3>\n<p><strong>Le Portugal nous a bien surpris par la qualit\u00e9 et la vari\u00e9t\u00e9 de sa nourriture! <\/strong>Nous qui aimons la viande, nous avons \u00e9t\u00e9 servis!<\/p>\n<div id=\"attachment_7157\" style=\"width: 2058px\" class=\"wp-caption aligncenter\"><img loading=\"lazy\" decoding=\"async\" aria-describedby=\"caption-attachment-7157\" class=\"size-full wp-image-7157\" src=\"https:\/\/i0.wp.com\/thewonderlusters.com\/wp-content\/uploads\/2019\/08\/Sardines.jpg?resize=1170%2C780&#038;ssl=1\" alt=\"Sardines\" width=\"1170\" height=\"780\" srcset=\"https:\/\/i0.wp.com\/thewonderlusters.com\/wp-content\/uploads\/2019\/08\/Sardines.jpg?w=2048&amp;ssl=1 2048w, https:\/\/i0.wp.com\/thewonderlusters.com\/wp-content\/uploads\/2019\/08\/Sardines.jpg?resize=780%2C520&amp;ssl=1 780w, https:\/\/i0.wp.com\/thewonderlusters.com\/wp-content\/uploads\/2019\/08\/Sardines.jpg?resize=1170%2C780&amp;ssl=1 1170w\" sizes=\"(max-width: 1170px) 100vw, 1170px\" data-recalc-dims=\"1\" \/><p id=\"caption-attachment-7157\" class=\"wp-caption-text\">Sardines<\/p><\/div>\n<div id=\"attachment_7145\" style=\"width: 2058px\" class=\"wp-caption aligncenter\"><img loading=\"lazy\" decoding=\"async\" aria-describedby=\"caption-attachment-7145\" class=\"size-full wp-image-7145\" src=\"https:\/\/i0.wp.com\/thewonderlusters.com\/wp-content\/uploads\/2019\/08\/Back-ribs.jpg?resize=1170%2C780&#038;ssl=1\" alt=\"Back ribs\" width=\"1170\" height=\"780\" srcset=\"https:\/\/i0.wp.com\/thewonderlusters.com\/wp-content\/uploads\/2019\/08\/Back-ribs.jpg?w=2048&amp;ssl=1 2048w, https:\/\/i0.wp.com\/thewonderlusters.com\/wp-content\/uploads\/2019\/08\/Back-ribs.jpg?resize=780%2C520&amp;ssl=1 780w, https:\/\/i0.wp.com\/thewonderlusters.com\/wp-content\/uploads\/2019\/08\/Back-ribs.jpg?resize=1170%2C780&amp;ssl=1 1170w\" sizes=\"(max-width: 1170px) 100vw, 1170px\" data-recalc-dims=\"1\" \/><p id=\"caption-attachment-7145\" class=\"wp-caption-text\">Back ribs<\/p><\/div>\n<div id=\"attachment_7151\" style=\"width: 2058px\" class=\"wp-caption aligncenter\"><img loading=\"lazy\" decoding=\"async\" aria-describedby=\"caption-attachment-7151\" class=\"size-full wp-image-7151\" src=\"https:\/\/i0.wp.com\/thewonderlusters.com\/wp-content\/uploads\/2019\/08\/Lots-of-Meat.jpg?resize=1170%2C780&#038;ssl=1\" alt=\"Lots of Meat!\" width=\"1170\" height=\"780\" srcset=\"https:\/\/i0.wp.com\/thewonderlusters.com\/wp-content\/uploads\/2019\/08\/Lots-of-Meat.jpg?w=2048&amp;ssl=1 2048w, https:\/\/i0.wp.com\/thewonderlusters.com\/wp-content\/uploads\/2019\/08\/Lots-of-Meat.jpg?resize=780%2C520&amp;ssl=1 780w, https:\/\/i0.wp.com\/thewonderlusters.com\/wp-content\/uploads\/2019\/08\/Lots-of-Meat.jpg?resize=1170%2C780&amp;ssl=1 1170w\" sizes=\"(max-width: 1170px) 100vw, 1170px\" data-recalc-dims=\"1\" \/><p id=\"caption-attachment-7151\" class=\"wp-caption-text\">Lots of Meat!<\/p><\/div>\n<div id=\"attachment_7153\" style=\"width: 2058px\" class=\"wp-caption aligncenter\"><img loading=\"lazy\" decoding=\"async\" aria-describedby=\"caption-attachment-7153\" class=\"size-full wp-image-7153\" src=\"https:\/\/i0.wp.com\/thewonderlusters.com\/wp-content\/uploads\/2019\/08\/Pastel-de-Bacalhau.jpg?resize=1170%2C780&#038;ssl=1\" alt=\"Pastel de Bacalhau\" width=\"1170\" height=\"780\" srcset=\"https:\/\/i0.wp.com\/thewonderlusters.com\/wp-content\/uploads\/2019\/08\/Pastel-de-Bacalhau.jpg?w=2048&amp;ssl=1 2048w, https:\/\/i0.wp.com\/thewonderlusters.com\/wp-content\/uploads\/2019\/08\/Pastel-de-Bacalhau.jpg?resize=780%2C520&amp;ssl=1 780w, https:\/\/i0.wp.com\/thewonderlusters.com\/wp-content\/uploads\/2019\/08\/Pastel-de-Bacalhau.jpg?resize=1170%2C780&amp;ssl=1 1170w\" sizes=\"(max-width: 1170px) 100vw, 1170px\" data-recalc-dims=\"1\" \/><p id=\"caption-attachment-7153\" class=\"wp-caption-text\">Pastel de Bacalhau<\/p><\/div>\n<p>Lors de notre passage \u00e0 Macao, je vous avais pr\u00e9sent\u00e9 <a href=\"https:\/\/thewonderlusters.com\/fr\/visite-hong-kong-macao-chiffres-photos\/\">les d\u00e9licieuses tartes aux \u0153ufs de Macao<\/a>. Suite \u00e0 cela, plusieurs d\u2019entre vous (je vous en remercie) nous ont dit qu\u2019elles s\u2019appelaient des <strong>Past\u00e9is de Nata du Portugal<\/strong>. Macao ayant \u00e9t\u00e9 colonis\u00e9 par le Portugal pendant 400 ans, je n\u2019ai pas eu de mal \u00e0 vous croire. Mais je voulais en avoir le c\u0153ur net et savoir s\u2019ils \u00e9taient meilleurs au Portugal ou non. Nous avons donc go\u00fbt\u00e9 ceux de \u00ab <strong>Pasteis de Belem<\/strong> \u00bb, le lieu o\u00f9 ces fameuses tartes ont pris naissance en 1837. Eh bien ils \u00e9taient excellents, mais je vous invite \u00e0 visiter Macao pour vous faire une id\u00e9e!<\/p>\n<div id=\"attachment_7155\" style=\"width: 2058px\" class=\"wp-caption aligncenter\"><img loading=\"lazy\" decoding=\"async\" aria-describedby=\"caption-attachment-7155\" class=\"size-full wp-image-7155\" src=\"https:\/\/i0.wp.com\/thewonderlusters.com\/wp-content\/uploads\/2019\/08\/Pastel-de-nata.jpg?resize=1170%2C780&#038;ssl=1\" alt=\"Pastel de nata\" width=\"1170\" height=\"780\" srcset=\"https:\/\/i0.wp.com\/thewonderlusters.com\/wp-content\/uploads\/2019\/08\/Pastel-de-nata.jpg?w=2048&amp;ssl=1 2048w, https:\/\/i0.wp.com\/thewonderlusters.com\/wp-content\/uploads\/2019\/08\/Pastel-de-nata.jpg?resize=780%2C520&amp;ssl=1 780w, https:\/\/i0.wp.com\/thewonderlusters.com\/wp-content\/uploads\/2019\/08\/Pastel-de-nata.jpg?resize=1170%2C780&amp;ssl=1 1170w\" sizes=\"(max-width: 1170px) 100vw, 1170px\" data-recalc-dims=\"1\" \/><p id=\"caption-attachment-7155\" class=\"wp-caption-text\">Pastel de nata<\/p><\/div>\n<p>Je vous avoue qu&#8217;on a aussi \u00e9t\u00e9 conquis par les autres patisseries portuguaises!<\/p>\n<div id=\"attachment_7147\" style=\"width: 2058px\" class=\"wp-caption aligncenter\"><img loading=\"lazy\" decoding=\"async\" aria-describedby=\"caption-attachment-7147\" class=\"size-full wp-image-7147\" src=\"https:\/\/i0.wp.com\/thewonderlusters.com\/wp-content\/uploads\/2019\/08\/Brigadeiros.jpg?resize=1170%2C780&#038;ssl=1\" alt=\"Brigadeiros\" width=\"1170\" height=\"780\" srcset=\"https:\/\/i0.wp.com\/thewonderlusters.com\/wp-content\/uploads\/2019\/08\/Brigadeiros.jpg?w=2048&amp;ssl=1 2048w, https:\/\/i0.wp.com\/thewonderlusters.com\/wp-content\/uploads\/2019\/08\/Brigadeiros.jpg?resize=780%2C520&amp;ssl=1 780w, https:\/\/i0.wp.com\/thewonderlusters.com\/wp-content\/uploads\/2019\/08\/Brigadeiros.jpg?resize=1170%2C780&amp;ssl=1 1170w\" sizes=\"(max-width: 1170px) 100vw, 1170px\" data-recalc-dims=\"1\" \/><p id=\"caption-attachment-7147\" class=\"wp-caption-text\">Brigadeiros<\/p><\/div>\n<div id=\"attachment_7149\" style=\"width: 2058px\" class=\"wp-caption aligncenter\"><img loading=\"lazy\" decoding=\"async\" aria-describedby=\"caption-attachment-7149\" class=\"size-full wp-image-7149\" src=\"https:\/\/i0.wp.com\/thewonderlusters.com\/wp-content\/uploads\/2019\/08\/Drinking-Porto.jpg?resize=1170%2C780&#038;ssl=1\" alt=\"Drinking Porto\" width=\"1170\" height=\"780\" srcset=\"https:\/\/i0.wp.com\/thewonderlusters.com\/wp-content\/uploads\/2019\/08\/Drinking-Porto.jpg?w=2048&amp;ssl=1 2048w, https:\/\/i0.wp.com\/thewonderlusters.com\/wp-content\/uploads\/2019\/08\/Drinking-Porto.jpg?resize=780%2C520&amp;ssl=1 780w, https:\/\/i0.wp.com\/thewonderlusters.com\/wp-content\/uploads\/2019\/08\/Drinking-Porto.jpg?resize=1170%2C780&amp;ssl=1 1170w\" sizes=\"(max-width: 1170px) 100vw, 1170px\" data-recalc-dims=\"1\" \/><p id=\"caption-attachment-7149\" class=\"wp-caption-text\">Drinking Porto<\/p><\/div>\n<h3>\u00c9tat des d\u00e9penses<\/h3>\n<p>Nous avions l&#8217;impression que le Portugal serait un pays peu cher. Il nous est finalement revenu un peu plus cher que pr\u00e9vu. Le co\u00fbt de notre s\u00e9jour pour notre famille de 4 s\u2019\u00e9l\u00e8ve \u00e0 :<\/p>\n<ul>\n<li>801,00&nbsp;EUR (938.13&nbsp;USD<span class=\"eurofxref-append-string\">)<\/span>;<\/li>\n<li>160,00&nbsp;EUR (187.39&nbsp;USD<span class=\"eurofxref-append-string\">)<\/span> par jour;<\/li>\n<li>40,00&nbsp;EUR (46.85&nbsp;USD<span class=\"eurofxref-append-string\">)<\/span> par personne et par jour.<\/li>\n<\/ul>\n<div id=\"amchart1\" style=\"width: 100%; height: 400px;\"><\/div>\n<p>En d\u00e9tail :<br \/>\n\n<table id=\"tablepress-95\" class=\"tablepress tablepress-id-95 tablepress-responsive\">\n<thead>\n<tr class=\"row-1 odd\">\n\t<th class=\"column-1\">Cat\u00e9gorie de d\u00e9pense <\/th><th class=\"column-2\">Montant d\u00e9pens\u00e9 <\/th>\n<\/tr>\n<\/thead>\n<tbody class=\"row-hover\">\n<tr class=\"row-2 even\">\n\t<td class=\"column-1\">Avion <\/td><td class=\"column-2\">0,00&nbsp;EUR<\/td>\n<\/tr>\n<tr class=\"row-3 odd\">\n\t<td class=\"column-1\">H\u00e9bergement <\/td><td class=\"column-2\">295,00&nbsp;EUR&nbsp;\/&nbsp;345.50&nbsp;USD<\/td>\n<\/tr>\n<tr class=\"row-4 even\">\n\t<td class=\"column-1\">Transport (incluant essence, p\u00e9age, parking) <\/td><td class=\"column-2\">240,00&nbsp;EUR&nbsp;\/&nbsp;281.09&nbsp;USD<\/td>\n<\/tr>\n<tr class=\"row-5 odd\">\n\t<td class=\"column-1\">Restaurants <\/td><td class=\"column-2\">173,00&nbsp;EUR&nbsp;\/&nbsp;202.62&nbsp;USD<\/td>\n<\/tr>\n<tr class=\"row-6 even\">\n\t<td class=\"column-1\">\u00c9picerie <\/td><td class=\"column-2\">40,00&nbsp;EUR&nbsp;\/&nbsp;46.85&nbsp;USD<\/td>\n<\/tr>\n<tr class=\"row-7 odd\">\n\t<td class=\"column-1\">Activit\u00e9s <\/td><td class=\"column-2\">54,00&nbsp;EUR&nbsp;\/&nbsp;63.24&nbsp;USD<\/td>\n<\/tr>\n<\/tbody>\n<tfoot>\n<tr class=\"row-8 even\">\n\t<th class=\"column-1\">Total<\/th><th class=\"column-2\">801,00&nbsp;EUR&nbsp;\/&nbsp;938.13&nbsp;USD<\/th>\n<\/tr>\n<\/tfoot>\n<\/table>\n<!-- #tablepress-95 from cache --><\/p>\n<h3>En bref<\/h3>\n<span id=\"tablepress-94-description\" class=\"tablepress-table-description tablepress-table-description-id-94\"><\/span>\n\n<table id=\"tablepress-94\" class=\"tablepress tablepress-id-94 tablepress-responsive\" aria-describedby=\"tablepress-94-description\">\n<tbody class=\"row-hover\">\n<tr class=\"row-1 odd\">\n\t<td class=\"column-1\">Dates<\/td><td class=\"column-2\">2019-08-06 au 2019-08-11<\/td>\n<\/tr>\n<tr class=\"row-2 even\">\n\t<td class=\"column-1\">Nombre de jours <\/td><td class=\"column-2\">5<\/td>\n<\/tr>\n<tr class=\"row-3 odd\">\n\t<td class=\"column-1\">Villes visit\u00e9es <\/td><td class=\"column-2\">Lisbonne, Coimbre, Porto <\/td>\n<\/tr>\n<tr class=\"row-4 even\">\n\t<td class=\"column-1\">Arriv\u00e9 par <\/td><td class=\"column-2\">l'Espagne en voiture <\/td>\n<\/tr>\n<tr class=\"row-5 odd\">\n\t<td class=\"column-1\">Parti par <\/td><td class=\"column-2\">l'Espagne en voiture <\/td>\n<\/tr>\n<tr class=\"row-6 even\">\n\t<td class=\"column-1\">Moyen de transport <\/td><td class=\"column-2\">Voiture de location <\/td>\n<\/tr>\n<tr class=\"row-7 odd\">\n\t<td class=\"column-1\">Distance parcourue (voiture et marche) <\/td><td class=\"column-2\">966 km<\/td>\n<\/tr>\n<tr class=\"row-8 even\">\n\t<td class=\"column-1\">Nombre de photos prises <\/td><td class=\"column-2\">3300 (660 par jour)<\/td>\n<\/tr>\n<tr class=\"row-9 odd\">\n\t<td class=\"column-1\">Devise <\/td><td class=\"column-2\">L'Euro  (1,00&nbsp;EUR = 1.17&nbsp;USD)<\/td>\n<\/tr>\n<\/tbody>\n<\/table>\n<!-- #tablepress-94 from cache -->\n<h2>Conclusion<\/h2>\n<p><strong>Le <a href=\"https:\/\/www.visitportugal.com\/fr\" target=\"_blank\" rel=\"noopener noreferrer\">Portugal<\/a> est un petit pays mais a tellement \u00e0 offrir.<\/strong> Notre court s\u00e9jour dans ce pays nous a laiss\u00e9 sur notre faim, ce qui nous poussera probablement \u00e0 y retourner un jour.<\/p>\n<p>Notre s\u00e9jour dans la p\u00e9ninsule ib\u00e9rique s\u2019ach\u00e8ve. Nous avons ensuite profit\u00e9 de 3 jours \u00e0 Paris afin de terminer notre tour du monde!<\/p>\n<p><strong>==&gt; <a href=\"https:\/\/thewonderlusters.com\/fr\/photos\/portugal\/\">T\u00e9l\u00e9chargez gratuitement toutes nos photos du Portugal!<\/a><\/strong><\/p>\n<p><img loading=\"lazy\" decoding=\"async\" src=\"https:\/\/i0.wp.com\/thewonderlusters.com\/wp-content\/uploads\/2020\/05\/nopin.png?resize=1%2C1&#038;ssl=1\" alt=\"no pin\" width=\"1\" height=\"1\" data-pin-media=\"https:\/\/thewonderlusters.com\/wp-content\/uploads\/2019\/10\/portugal-fr-pin-4.jpg\" data-pin-description=\"Incontournables du Portugal, meilleurs endroits, itin\u00e9raire de 5 jours, budget \u00e0 pr\u00e9voir, photos, id\u00e9es gastronomiques et recommandations. #portugal\" data-recalc-dims=\"1\" \/><img loading=\"lazy\" decoding=\"async\" src=\"https:\/\/i0.wp.com\/thewonderlusters.com\/wp-content\/uploads\/2020\/05\/nopin.png?resize=1%2C1&#038;ssl=1\" alt=\"no pin\" width=\"1\" height=\"1\" data-pin-media=\"https:\/\/thewonderlusters.com\/wp-content\/uploads\/2019\/10\/portugal-fr-pin-5.jpg\" data-pin-description=\"Incontournables du Portugal, meilleurs endroits, itin\u00e9raire de 5 jours, budget \u00e0 pr\u00e9voir, photos, id\u00e9es gastronomiques et recommandations. #portugal\" data-recalc-dims=\"1\" \/><\/p>\n<div style=\"text-align: center; text-transform: uppercase; font-size: 28px; font-family: 'Lora', serif; margin-bottom: 17px;\">\u00c0 vos \u00e9pingles!<\/div>\n<p>[columns size=&#8221;1\/3&#8243; last=&#8221;false&#8221;]<\/p>\n<p><img loading=\"lazy\" decoding=\"async\" class=\"size-full wp-image-40899\" src=\"https:\/\/i0.wp.com\/thewonderlusters.com\/wp-content\/uploads\/2019\/10\/portugal-fr-pin-1.jpg?resize=380%2C570&#038;ssl=1\" alt=\"portugal-fr-pin-1\" width=\"380\" height=\"570\" data-pin-description=\"Incontournables du Portugal, meilleurs endroits, itin\u00e9raire de 5 jours, budget \u00e0 pr\u00e9voir, photos, id\u00e9es gastronomiques et recommandations. #portugal\" srcset=\"https:\/\/i0.wp.com\/thewonderlusters.com\/wp-content\/uploads\/2019\/10\/portugal-fr-pin-1.jpg?w=1000&amp;ssl=1 1000w, https:\/\/i0.wp.com\/thewonderlusters.com\/wp-content\/uploads\/2019\/10\/portugal-fr-pin-1.jpg?resize=780%2C1170&amp;ssl=1 780w\" sizes=\"(max-width: 380px) 100vw, 380px\" data-recalc-dims=\"1\" \/><br \/>\n[\/columns]<\/p>\n<p>[columns size=&#8221;1\/3&#8243; last=&#8221;false&#8221;]<\/p>\n<p><img loading=\"lazy\" decoding=\"async\" class=\"size-full wp-image-40901\" src=\"https:\/\/i0.wp.com\/thewonderlusters.com\/wp-content\/uploads\/2019\/10\/portugal-fr-pin-2.jpg?resize=380%2C570&#038;ssl=1\" alt=\"portugal-fr-pin-2\" width=\"380\" height=\"570\" data-pin-description=\"Incontournables du Portugal, meilleurs endroits, itin\u00e9raire de 5 jours, budget \u00e0 pr\u00e9voir, photos, id\u00e9es gastronomiques et recommandations. #portugal\" srcset=\"https:\/\/i0.wp.com\/thewonderlusters.com\/wp-content\/uploads\/2019\/10\/portugal-fr-pin-2.jpg?w=1000&amp;ssl=1 1000w, https:\/\/i0.wp.com\/thewonderlusters.com\/wp-content\/uploads\/2019\/10\/portugal-fr-pin-2.jpg?resize=780%2C1170&amp;ssl=1 780w\" sizes=\"(max-width: 380px) 100vw, 380px\" data-recalc-dims=\"1\" \/><br \/>\n[\/columns]<\/p>\n<p>[columns size=&#8221;1\/3&#8243; last=&#8221;true&#8221;]<\/p>\n<p><img loading=\"lazy\" decoding=\"async\" class=\"size-full wp-image-40903\" src=\"https:\/\/i0.wp.com\/thewonderlusters.com\/wp-content\/uploads\/2019\/10\/portugal-fr-pin-3.jpg?resize=380%2C570&#038;ssl=1\" alt=\"portugal-fr-pin-3\" width=\"380\" height=\"570\" data-pin-description=\"Incontournables du Portugal, meilleurs endroits, itin\u00e9raire de 5 jours, budget \u00e0 pr\u00e9voir, photos, id\u00e9es gastronomiques et recommandations. #portugal\" srcset=\"https:\/\/i0.wp.com\/thewonderlusters.com\/wp-content\/uploads\/2019\/10\/portugal-fr-pin-3.jpg?w=1000&amp;ssl=1 1000w, https:\/\/i0.wp.com\/thewonderlusters.com\/wp-content\/uploads\/2019\/10\/portugal-fr-pin-3.jpg?resize=780%2C1170&amp;ssl=1 780w\" sizes=\"(max-width: 380px) 100vw, 380px\" data-recalc-dims=\"1\" \/><br \/>\n[\/columns]<\/p>\n","protected":false},"excerpt":{"rendered":"<p>Je vous propose un itin\u00e9raire &#8211; les 6 villes incontournables du Portugal et tout autant de coups de coeur que nous avons eus durant&hellip;<\/p>\n","protected":false},"author":2,"featured_media":7135,"comment_status":"open","ping_status":"open","sticky":false,"template":"","format":"standard","meta":{"_lmt_disableupdate":"no","_lmt_disable":"","_jetpack_memberships_contains_paid_content":false,"footnotes":""},"categories":[34],"tags":[],"class_list":["post-2225","post","type-post","status-publish","format-standard","has-post-thumbnail","hentry","category-europe"],"modified_by":"Poly","jetpack_sharing_enabled":true,"jetpack_featured_media_url":"https:\/\/i0.wp.com\/thewonderlusters.com\/wp-content\/uploads\/2019\/08\/Dom-Lu\u00eds-Bridge.jpg?fit=2048%2C1365&ssl=1","_links":{"self":[{"href":"https:\/\/thewonderlusters.com\/fr\/wp-json\/wp\/v2\/posts\/2225","targetHints":{"allow":["GET"]}}],"collection":[{"href":"https:\/\/thewonderlusters.com\/fr\/wp-json\/wp\/v2\/posts"}],"about":[{"href":"https:\/\/thewonderlusters.com\/fr\/wp-json\/wp\/v2\/types\/post"}],"author":[{"embeddable":true,"href":"https:\/\/thewonderlusters.com\/fr\/wp-json\/wp\/v2\/users\/2"}],"replies":[{"embeddable":true,"href":"https:\/\/thewonderlusters.com\/fr\/wp-json\/wp\/v2\/comments?post=2225"}],"version-history":[{"count":0,"href":"https:\/\/thewonderlusters.com\/fr\/wp-json\/wp\/v2\/posts\/2225\/revisions"}],"wp:featuredmedia":[{"embeddable":true,"href":"https:\/\/thewonderlusters.com\/fr\/wp-json\/wp\/v2\/media\/7135"}],"wp:attachment":[{"href":"https:\/\/thewonderlusters.com\/fr\/wp-json\/wp\/v2\/media?parent=2225"}],"wp:term":[{"taxonomy":"category","embeddable":true,"href":"https:\/\/thewonderlusters.com\/fr\/wp-json\/wp\/v2\/categories?post=2225"},{"taxonomy":"post_tag","embeddable":true,"href":"https:\/\/thewonderlusters.com\/fr\/wp-json\/wp\/v2\/tags?post=2225"}],"curies":[{"name":"wp","href":"https:\/\/api.w.org\/{rel}","templated":true}]}}