{"id":39886,"date":"2020-03-29T16:26:44","date_gmt":"2020-03-29T21:26:44","guid":{"rendered":"https:\/\/thewonderlusters.com\/?p=39886"},"modified":"2020-05-04T17:01:55","modified_gmt":"2020-05-04T22:01:55","slug":"coronavirus-analyse-perspective","status":"publish","type":"post","link":"https:\/\/thewonderlusters.com\/fr\/coronavirus-analyse-perspective\/","title":{"rendered":"Coronavirus &#8211; une analyse pragmatique, r\u00e9flexion et perspective d&#8217;avenir"},"content":{"rendered":"<p><strong>Le coronavirus ou COVID-19 est au centre de toutes les pr\u00e9occupations depuis quelques semaines et cela risque d&#8217;\u00eatre encore le cas pour les nombreux mois \u00e0 venir.<\/strong> Car avouons-le, nous ne sommes qu&#8217;au d\u00e9but de cette pand\u00e9mie mondiale qui semble juste s&#8217;acc\u00e9l\u00e9rer \u00e0 vue d&#8217;oeil.<\/p>\n<p>Devant la masse de donn\u00e9es v\u00e9hicul\u00e9es \u00e0 travers le monde, je constate beaucoup de contradictions et \u00e9norm\u00e9ment de d\u00e9sinformation. De mani\u00e8re naturelle, nous aimons s\u00e9lectionner l&#8217;information qui nous arrange et balayer du revers de la main celles qui semblent contredire nos convictions. Mais il faut savoir d\u00e9m\u00ealer le vrai du faux, afin de se faire une opinion \u00e9clair\u00e9e.<\/p>\n<p>Par cet article, je vise \u00e0 apporter une analyse pragmatique sur le coronavirus, ainsi qu&#8217;une petite r\u00e9flexion personnelle par rapport \u00e0 cet \u00e9v\u00e8nement plan\u00e9taire qui, malgr\u00e9 nous, am\u00e8nera soit une r\u00e9conciliation de l&#8217;humanit\u00e9 toute enti\u00e8re ou au contraire sa destruction pure et simple.<\/p>\n<p>Les graphiques que je vous pr\u00e9sente ci-dessous sont tir\u00e9s de <a href=\"https:\/\/ourworldindata.org\/\" target=\"_blank\" rel=\"noopener noreferrer\">Our World in Data<\/a>. Il est pr\u00e9f\u00e9rable de lire cet article sur un ordinateur de bureau.<\/p>\n<p>Bien que les donn\u00e9es des graphiques seront mises \u00e0 jour automatiquement, cet article a \u00e9t\u00e9 publi\u00e9 le 29 mars 2020. Les analyses et r\u00e9flexions ont aussi \u00e9t\u00e9 r\u00e9dig\u00e9es \u00e0 cette date.<\/p>\n<h2>Analyse de la situation<\/h2>\n<h3>La d\u00e9sinformation li\u00e9e au coronavirus<\/h3>\n<p><strong>S\u2019il n\u2019y avait qu\u2019un graphique que les m\u00e9dias rapportent tout le temps<\/strong> et qui inonde nos r\u00e9seaux sociaux, ce serait celui qui permet de suivre <strong>l\u2019\u00e9volution dans le temps du nombre de personnes infect\u00e9es par le COVID-19 par pays<\/strong>\u00a0:<\/p>\n<p><iframe src=\"https:\/\/ourworldindata.org\/grapher\/total-cases-covid-19?country=CAN+CHN+FRA+ITA+USA+ESP+DEU+KOR+JPN+AUS\" width=\"100%\" height=\"600px\"><\/iframe><\/p>\n<p>Ce graphique est tr\u00e8s significativement consult\u00e9 et partag\u00e9. Malheureusement, <strong>beaucoup de gens peu scrupuleux s&#8217;en servent pour ameuter les foules en inventant des liens illogiques de cause \u00e0 effet<\/strong> tels que les suivants :<\/p>\n<p>1. Comme le coronavirus est apparu en Chine, alors la Chine et par extension, tous les chinois sont responsables de cette trag\u00e9die. Bannissons les produits venant de Chine!<\/p>\n<p>2. Les gouvernements chinois et russes font de la propagande et nous cachent la v\u00e9rit\u00e9 sur leur nombre de personnes infect\u00e9es par le virus. Car s\u2019il existe des peuples plus aptes \u00e0 contenir le virus, ce sont bien les intouchables occidentaux!<\/p>\n<p>3. La situation des pays occidentaux est hors de contr\u00f4le car nos gouvernements ne prennent pas assez de mesures pour emp\u00eacher le virus de se propager. Par le fait m\u00eame, on se d\u00e9responsabilise en tant que soci\u00e9t\u00e9 de la propagation du virus.<\/p>\n<p>4. Pauvres italiens! Quand on se compare, on se console! Ce raisonnement nous pousse \u00e0 sous-estimer l\u2019importance de se confiner et de prot\u00e9ger nos propres communaut\u00e9s.<\/p>\n<p>5. La pand\u00e9mie aux \u00c9tats-Unis est hors de contr\u00f4le, c\u2019est \u00e9videmment la faute \u00e0 Trump! Il doit donc absolument partir.<\/p>\n<p>La plupart du monde ne tirent pas ces conclusions par mauvaise intention. <strong>Mais certains opportunistes le font par malhonn\u00eatet\u00e9 intellectuelle pour faire passer leur message politique propagandiste, faire peur aux populations ou les liguer les uns contre les autres.<\/strong><\/p>\n<p>Voici pourquoi on ne peut pas, \u00e0 partir de ce graphique, pr\u00e9tendre toutes les choses cit\u00e9es plus haut :<\/p>\n<ul>\n<li>Le coronavirus n\u2019est pas apparu au m\u00eame moment dans tous les pays.<\/li>\n<li>Il existe des disparit\u00e9s de taille et densit\u00e9 de population entre les pays.<\/li>\n<li>Les donn\u00e9es ne r\u00e9pertorient que les chiffres li\u00e9s aux cas d\u00e9tect\u00e9s et d\u00e9clar\u00e9s.<\/li>\n<li>Tous les pays ne sont pas \u00e9gaux dans les moyens de d\u00e9tection du virus.<\/li>\n<li>Chaque pays est libre ou non de d\u00e9clarer ses cas.<\/li>\n<li>On ne peut d\u00e9terminer le taux de propagation de la pand\u00e9mie \u00e0 partir du graphique.<\/li>\n<li>Le graphique ne permet pas de d\u00e9terminer si un pays g\u00e8re mieux la pand\u00e9mie qu&#8217;un autre.<\/li>\n<\/ul>\n<p><strong>Alors \u00e0 quoi sert r\u00e9ellement ce graphique? Eh bien simplement \u00e0 conna\u00eetre le nombre de cas confirm\u00e9s et d\u00e9clar\u00e9s dans chaque pays et de suivre la tendance dans le temps. Rien de plus.<\/strong><\/p>\n<p>Une des principales conclusions qu\u2019on peut tirer de ce graphique est que la Chine &#8220;aurait&#8221; r\u00e9ussi \u00e0 contenir le virus, ce qui indique aux autres pays qu\u2019il est possible de faire de m\u00eame.<\/p>\n<h3>Quels pays contiennent le mieux la propagation du coronavirus?<\/h3>\n<p>Vous avez peut-\u00eatre d\u00e9j\u00e0 vu <strong>la courbe ci-dessous qui permet d&#8217;\u00e9valuer si la propagation du virus est bien contenue<\/strong>. Elle permet de mesurer l&#8217;intensit\u00e9 avec laquelle la pand\u00e9mie se d\u00e9veloppe dans un environnement donn\u00e9, en l&#8217;occurrence ici, chaque pays. L&#8217;intensit\u00e9 est repr\u00e9sent\u00e9e par le nombre de cas et est fonction du temps.\u00a0 Tant que le nombre de cas reste inf\u00e9rieur \u00e0 la capacit\u00e9 du syst\u00e8me de sant\u00e9 de les accueillir, alors la pand\u00e9mie reste encore &#8220;contr\u00f4l\u00e9e&#8221;.<\/p>\n<p>Plus la courbe tend \u00e0 \u00eatre liss\u00e9e, mieux la pand\u00e9mie est contr\u00f4l\u00e9e. Et inversement, plus le degr\u00e9 d&#8217;augmentation de nouveaux cas par jour est \u00e9lev\u00e9, plus le risque de perdre le contr\u00f4le est \u00e9lev\u00e9.<\/p>\n<p>\u00c9ventuellement, le nombre de cas atteint un paroxysme pour se dissiper avec le temps. C&#8217;est un sc\u00e9nario th\u00e9orique, mais la r\u00e9alit\u00e9 est souvent diff\u00e9rente.<\/p>\n<div id=\"attachment_39887\" style=\"width: 1180px\" class=\"wp-caption aligncenter\"><img fetchpriority=\"high\" decoding=\"async\" aria-describedby=\"caption-attachment-39887\" class=\"size-large wp-image-39887\" src=\"https:\/\/i0.wp.com\/thewonderlusters.com\/wp-content\/uploads\/2020\/03\/Flattening-the-curve.jpg?resize=1170%2C819&#038;ssl=1\" alt=\"Flattening-the-curve\" width=\"1170\" height=\"819\" srcset=\"https:\/\/i0.wp.com\/thewonderlusters.com\/wp-content\/uploads\/2020\/03\/Flattening-the-curve.jpg?resize=1170%2C819&amp;ssl=1 1170w, https:\/\/i0.wp.com\/thewonderlusters.com\/wp-content\/uploads\/2020\/03\/Flattening-the-curve.jpg?resize=780%2C546&amp;ssl=1 780w, https:\/\/i0.wp.com\/thewonderlusters.com\/wp-content\/uploads\/2020\/03\/Flattening-the-curve.jpg?w=2048&amp;ssl=1 2048w\" sizes=\"(max-width: 1170px) 100vw, 1170px\" data-recalc-dims=\"1\" \/><p id=\"caption-attachment-39887\" class=\"wp-caption-text\">Flattening-the-curve<\/p><\/div>\n<p>Le graphique suivant, qui montre <strong>l\u2019\u00e9volution du nombre de personnes infect\u00e9es par le COVID-19 par jour et par pays<\/strong>, repr\u00e9sente exactement cela.<\/p>\n<p><iframe src=\"https:\/\/ourworldindata.org\/grapher\/daily-cases-covid-19?country=CAN+CHN+FRA+ITA+USA+ESP+DEU+KOR+JPN+AUS\" width=\"100%\" height=\"600px\"><\/iframe><\/p>\n<p>Cependant, comme le pr\u00e9c\u00e9dent graphique, celui-ci souffre aussi du d\u00e9savantage de ne tenir compte de la population de chaque pays. Pour mettre les choses en perspective, voici donc <strong>le m\u00eame graphique ramen\u00e9 \u00e0 un ratio par million d&#8217;habitant<\/strong>.<\/p>\n<p><iframe src=\"https:\/\/ourworldindata.org\/grapher\/new-covid-cases-per-million?tab=chart&amp;country=CAN+CHN+FRA+ITA+USA+ESP+DEU+KOR+JPN+CHE+AUS\" width=\"100%\" height=\"600px\"><\/iframe><\/p>\n<p><strong>Quand on met les choses en perspective, la situation devient soudainement plus claire!<\/strong><\/p>\n<p>Vous visualisez donc le vrai <strong>graphique qui montre l&#8217;efficacit\u00e9 de chaque pays \u00e0 contenir la propagation du coronavirus<\/strong>, et par le fait m\u00eame, les pays qui ont le plus de <strong>risque<\/strong> de perdre (ou d&#8217;avoir perdu) le contr\u00f4le.<\/p>\n<p>Comme vous pouvez le constater, Les pays asiatiques semblent g\u00e9rer admirablement la pand\u00e9mie, alors que les europ\u00e9ens semblent \u00eatre d\u00e9pass\u00e9s par les \u00e9v\u00e8nements. Bien qu&#8217;il soit encore trop t\u00f4t pour \u00eatre cat\u00e9gorique, les \u00c9tats-Unis, le Canada et l&#8217;Australie s&#8217;en sortent plut\u00f4t mieux que les europ\u00e9ens. Quoique la tendance aux \u00c9tats-Unis est plut\u00f4t inqui\u00e9tante.<\/p>\n<h3>Quels pays poss\u00e8dent un syst\u00e8me de sant\u00e9 efficient?<\/h3>\n<p>Je sais bien que l&#8217;efficience des soins de sant\u00e9 peut \u00eatre mesur\u00e9e par diff\u00e9rents crit\u00e8res. Mais je crois qu&#8217;il est coh\u00e9rent de dire que <strong>le ratio entre le nombre de morts et le nombre de cas<\/strong> &#8211; en d&#8217;autres termes, <strong>le taux de mortalit\u00e9<\/strong> &#8211; est un bon facteur pour d\u00e9terminer l&#8217;efficience d&#8217;un syst\u00e8me de sant\u00e9.<\/p>\n<p><iframe src=\"https:\/\/ourworldindata.org\/grapher\/coronavirus-cfr?country=CAN+CHN+FRA+ITA+USA+ESP+DEU+KOR+JPN+CHE+AUS\" width=\"100%\" height=\"600px\"><\/iframe><\/p>\n<p>Plus le ratio est faible, plus le syst\u00e8me de sant\u00e9 est efficient. C&#8217;est le cas de l&#8217;Allemagne et de la Suisse, par exemple.<\/p>\n<p>Avec un ratio qui tend \u00e0 baisser nous laisse penser que plus les mesures prises sont efficaces. C&#8217;est notamment le cas de l&#8217;Australie et des \u00c9tats-Unis. C&#8217;est aussi une indication que le syst\u00e8me de sant\u00e9 est encore loin des limites de sa capacit\u00e9.<\/p>\n<p>Si le ratio tend \u00e0 augmenter, comme c&#8217;est le cas de l&#8217;Italie, de l&#8217;Espagne et de la France, \u00e7a veut dire que le syst\u00e8me de sant\u00e9 est potentiellement surcharg\u00e9 et que le pays a peut-\u00eatre d\u00e9j\u00e0 perdu le contr\u00f4le. Sans vouloir \u00eatre pessimiste, avec un taux de mortalit\u00e9 qui d\u00e9passe les 10%, l&#8217;Italie est encore loin d&#8217;avoir maitris\u00e9 le virus.<\/p>\n<p>Est-ce que l&#8217;\u00e2ge moyen de la population est un facteur? Sans \u00e9quivoque! Mais il n&#8217;est certainement pas le principal facteur \u00e0 mon avis.<\/p>\n<p><em><strong><span style=\"color: #ff0000;\">Mise \u00e0 jour du 30 mars<\/span><\/strong> : une amie infirmi\u00e8re m\u2019a fait r\u00e9aliser, avec justesse, que le taux de mortalit\u00e9 ne pourrait \u00eatre un indicateur pour \u00e9valuer l\u2019efficience des syst\u00e8mes de sant\u00e9, parce que le taux de mortalit\u00e9 est fortement biais\u00e9 par le nombre de d\u00e9pistages r\u00e9alis\u00e9s, et donc que c\u2019est plut\u00f4t une question de politique de sant\u00e9 publique.<\/em><\/p>\n<p><em>J&#8217;ai effectivement oubli\u00e9 de prendre en compte le crit\u00e8re du nombre de d\u00e9pistages r\u00e9alis\u00e9s. J&#8217;irais aussi plus loin en disant qu&#8217;il y a de s\u00fbrement de nombreux cas non d\u00e9clar\u00e9s, ce qui fausse aussi la donne sur le taux de mortalit\u00e9 r\u00e9el. De plus, entre le temps o\u00f9 un nouveau cas est d\u00e9tect\u00e9 et qu&#8217;il est d\u00e9clar\u00e9, il peut exister un laps de temps, ce qui induit encore plus d&#8217;\u00e9cart sur la marge d&#8217;erreur du r\u00e9sultat.<\/em><\/p>\n<p><em>Cependant, je crois quand m\u00eame que le taux de mortalit\u00e9 puisse \u00eatre une mesure de l&#8217;efficience du syst\u00e8me de sant\u00e9, <strong>si l&#8217;on se base sur sa tendance dans le temps<\/strong>.<\/em><\/p>\n<p><em>Au d\u00e9but, il est normal que le taux de mortalit\u00e9 soit faible puisqu&#8217;il existe un laps de temps entre un d\u00e9pistage positif d&#8217;une personne et son d\u00e9c\u00e8s. Mais si les mesures de d\u00e9pistage restent constantes dans le temps, le taux de mortalit\u00e9 ne devrait pas augmenter de mani\u00e8re lin\u00e9aire.<\/em><\/p>\n<p><em>Or, il semble que ce soit le cas ni de l&#8217;Italie, ni de l&#8217;Espagne, ni de la France. \u00c7a semblerait signifier que les syst\u00e8mes de sant\u00e9 de ces pays, et par extension leur efficience, ont d\u00e9j\u00e0 atteint les limites de leurs capacit\u00e9s. Dans le cas contraire, la courbe devrait avoir tendance \u00e0 s&#8217;aplatir aussi, pour ensuite diminuer, comme c&#8217;est le cas du Japon. D&#8217;o\u00f9 l&#8217;urgence d&#8217;aplatir la courbe autant que possible.<\/em><\/p>\n<h3>Quels pays s&#8217;en sortent le mieux?<\/h3>\n<p>Ce graphique est un croisement entre tous les graphiques que je vous ai pr\u00e9sent\u00e9s plus haut. Il repr\u00e9sente <strong>l&#8217;\u00e9tat actuel pour chaque pays, le nombre de morts, le nombre de personnes infect\u00e9es, et le ratio entre ces deux chiffres<\/strong>.<\/p>\n<p>Il permet d&#8217;avoir <strong>un portrait global de l&#8217;efficience dans la prise en charge des patients atteints du coronavirus dans tous les pays<\/strong>.<\/p>\n<p><iframe src=\"https:\/\/ourworldindata.org\/grapher\/covid-19-total-confirmed-cases-vs-total-confirmed-deaths\" width=\"100%\" height=\"600px\"><\/iframe><\/p>\n<p>Voici un autre graphique int\u00e9ressant qui permet de savoir <strong>quels pays arrivent le mieux \u00e0 contenir la propagation du COVID-19<\/strong>.<\/p>\n<p><iframe src=\"https:\/\/ourworldindata.org\/grapher\/covid-confirmed-deaths-since-5th-death?\" width=\"100%\" height=\"600px\"><\/iframe><\/p>\n<p>On constate qu&#8217;en Australie et au Japon, le nombre de morts caus\u00e9s par le virus double tous les 10 jours. Alors qu&#8217;en Espagne il suffit de 2 jours au virus pour doubler le nombre de morts!<\/p>\n<h2>R\u00e9flexions personnelles sur le coronavirus<\/h2>\n<p><strong>Je vous livre mes r\u00e9flexions personnelles, qui par d\u00e9finition sont subjectives et n&#8217;impliquent que moi, sur la question du coronavirus.<\/strong> Je ne pr\u00e9tends pas conna\u00eetre tous les \u00e9l\u00e9ments ni avoir la preuve de tous mes dires. Et si j&#8217;avais \u00e0 vous d\u00e9montrer toutes mes croyances, vous ne seriez pas en train de lire un article mais un livre! Je vais donc abr\u00e9ger avec un r\u00e9sum\u00e9.<\/p>\n<h3>Constats<\/h3>\n<p><strong>Cette crise d&#8217;ampleur plan\u00e9taire caus\u00e9e par le coronavirus a l&#8217;avantage de mettre en lumi\u00e8re plusieurs informations<\/strong> :<\/p>\n<p>Les pays les plus touch\u00e9s par la pand\u00e9mie se situent en Europe, en Am\u00e9rique du Nord et en Asie.<\/p>\n<p>La situation en Europe est catastrophique et la tendance est que ce n&#8217;est pas pr\u00e8s de s&#8217;am\u00e9liorer.<\/p>\n<p>Les pays en voie de d\u00e9veloppement, qu&#8217;ils soient touristiques ou non, avec des grosses populations ou non, ne semblent pas autant impact\u00e9s par le COVID-19.<\/p>\n<p>Bien qu&#8217;il soit r\u00e9v\u00e9l\u00e9 que des voyageurs chinois ont amen\u00e9 le virus chez les occidentaux, <a href=\"https:\/\/www.statista.com\/statistics\/978124\/china-leading-destination-countries-based-on-tourism-popularity-index\/\" target=\"_blank\" rel=\"noopener noreferrer\">le tourisme chinois<\/a> dans les pays occidentaux ne repr\u00e9sente qu&#8217;une petite proportion de leurs destinations. Or les pays de pr\u00e9dilection des voyageurs chinois &#8211; la Tha\u00eflande, le Japon et le Vietnam &#8211; ne semblent pas autant souffrir de la pand\u00e9mie.<\/p>\n<p>Globalement, les grandes nations asiatiques semblent mieux contr\u00f4ler la propagation du virus que les nations occidentales.<\/p>\n<h3>Tentative d&#8217;explication<\/h3>\n<p>Je n&#8217;ai aucune expertise en \u00e9pid\u00e9miologie. Mais pour avoir des notions assez avanc\u00e9es en statistiques, en analyse de donn\u00e9es et en Scrabble, je me consid\u00e8re assez chevronn\u00e9 en assemblage coh\u00e9rent d&#8217;informations et en d\u00e9duction logique.<\/p>\n<p><strong>De par les constats, j&#8217;affirme que l&#8217;ampleur de la crise pand\u00e9mique, telle que nous la connaissons actuellement dans les pays occidentaux, n&#8217;est probablement pas exclusivement inh\u00e9rente au fait que des chinois ont voyag\u00e9 en Europe.<\/strong><\/p>\n<p>Je tente donc une explication \u00e0 ces constats de plusieurs mani\u00e8res.<\/p>\n<p>Tout d&#8217;abord, <strong>la culture de chaque peuple a une incidence directe sur la mani\u00e8re avec laquelle une nation aborde la menace du virus<\/strong>. Les habitudes de vie sont diff\u00e9rentes \u00e0 chacun, mais elles restent g\u00e9n\u00e9ralement uniformes au sein d&#8217;une m\u00eame culture.<\/p>\n<p>Par exemple, les latins (italiens, espagnols, fran\u00e7ais) sont de nature chaleureuse, aiment se donner la bise et se prendre dans les bras. Par contre, les anglo-saxons (britanniques, am\u00e9ricain, canadiens, australiens) pr\u00e9f\u00e8rent se saluer par une poign\u00e9e de main et sont g\u00e9n\u00e9ralement plus prudes et r\u00e9serv\u00e9s. Les asiatiques (chinois, japonais, cor\u00e9ens), quant \u00e0 eux, n&#8217;aiment pas se toucher et se contentent de se saluer en hochant la t\u00eate, faisant de la distanciation un r\u00e9flexe bien \u00e9tabli.<\/p>\n<p><strong>Les asiatiques, et dans une moindre mesure les anglo-saxons, sont donc naturellement moins expos\u00e9s au virus que les soci\u00e9t\u00e9s de descendance latine en partant.<\/strong><\/p>\n<p><strong>Un autre avantage culturel que les asiatiques poss\u00e8dent de mani\u00e8re plus prononc\u00e9e que les occidentaux est la discipline.<\/strong> Sans vouloir tomber dans le racisme, il m&#8217;est souvent arriv\u00e9 d&#8217;avoir lu que quel que soit le domaine dans lequel on peut exceller, il existera toujours un asiatique meilleur que nous &#8211; et bien que je sois moi-m\u00eame de descendance asiatique, je m&#8217;inclus aussi dans le nous!<\/p>\n<p><strong>Force est de constater que les chinois, les japonais et les cor\u00e9ens font preuve d&#8217;une incroyable r\u00e9silience pour pouvoir passer \u00e0 travers les mesures draconiennes impos\u00e9es dans leurs soci\u00e9t\u00e9s.<\/strong><\/p>\n<p>Et justement, <strong>la communaut\u00e9, le sacrifice et le civisme font aussi partie des valeurs culturelles des soci\u00e9t\u00e9s asiatiques<\/strong>. Alors que chez les occidentaux, la destruction des familles est ind\u00e9niablement devenue un objectif de soci\u00e9t\u00e9, les asiatiques font toujours passer leur famille en priorit\u00e9. M\u00eame si les moeurs changent petit \u00e0 petit, les jeunes chinois sont encourag\u00e9s \u00e0 se marier entre eux afin de perp\u00e9tuer la &#8220;race&#8221;.<\/p>\n<p>Nul besoin de vous d\u00e9montrer que la Cor\u00e9e du Sud et le Japon sont les soci\u00e9t\u00e9s les plus homog\u00e8nes du monde. Elles figurent donc parmi les communaut\u00e9s les plus solidaires. En tant de crise, ces soci\u00e9t\u00e9s s&#8217;organisent en fourmili\u00e8re g\u00e9ante.<\/p>\n<p>Et pendant ce temps, les occidentaux, dont l&#8217;individualisme et l&#8217;h\u00e9t\u00e9rog\u00e9n\u00e9it\u00e9 sont les principales vertus de la nouvelle religion progressiste, ont l&#8217;air de se complaire dans le chaos dans lequel ils sont en train de sombrer. Ah j&#8217;oubliais que la libert\u00e9 &#8211; de parole, de mouvement et surtout de faire ch*** le monde &#8211; est aussi un droit acquis en occident. <strong>\u00c0 notre propre risque et p\u00e9ril.<\/strong><\/p>\n<p><strong>L&#8217;hygi\u00e8ne et la salubrit\u00e9 jouent aussi peut-\u00eatre un r\u00f4le pr\u00e9pond\u00e9rant dans la propagation du virus.<\/strong> On sait tous pourquoi un occidental attrape fr\u00e9quemment une diarrh\u00e9e explosive \u00e0 chaque visite dans un pays o\u00f9 le standard de propret\u00e9 laisse \u00e0 d\u00e9sirer.<\/p>\n<p>Je me souviendrai toujours quand nous \u00e9tions \u00e0 <strong><a href=\"https:\/\/thewonderlusters.com\/fr\/visite-inde-chiffres-photos\/\">Varanasi en Inde<\/a><\/strong> &#8211; ma m\u00e2choire s&#8217;est disloqu\u00e9e en regardant les gens se purifier dans les m\u00eames eaux naus\u00e9abondes du Gange dans lesquelles toutes les d\u00e9f\u00e9cations de la ville se d\u00e9versaient et o\u00f9 d&#8217;autres brulaient leurs morts. J&#8217;ai comme une certaine conviction que beaucoup de ces gens sont d\u00e9j\u00e0 immunis\u00e9s \u00e0 vie de toutes maladies, et peut-\u00eatre m\u00eame du coronavirus.<\/p>\n<p>Les occidentaux, au contraire, vivent dans un monde aseptis\u00e9 o\u00f9 le moindre contact avec un virus d\u00e9cuple le risque de maladie. Par contre, pour prouver ce point, je ne mettrais pas ma main au feu!<\/p>\n<p><strong>Il parait que le piment fort peut r\u00e9curer votre intestin et vous rendre immortel<\/strong> &#8211; j&#8217;utilise le sarcasme depuis quelques paragraphes pour ceux qui ne s&#8217;en rendraient pas compte. <a href=\"https:\/\/alimentation.ooreka.fr\/astuce\/voir\/297023\/bienfaits-meconnus-du-piment\" target=\"_blank\" rel=\"noopener noreferrer\">Je peux imaginer voir le piment fort tuer quelques virus au passage<\/a>, ou tout du moins cr\u00e9er un mur protecteur contre les maladies. Et dans quels pays consomme-t-on <strong>beaucoup<\/strong> de piments? Partout dans le monde, sauf en occident \u00e9videmment! C&#8217;est peut-\u00eatre une raison \u00e0 consid\u00e9rer, bien que je ne mettrais pas ma main au feu pour celle-ci non plus.<\/p>\n<h3>Impressions<\/h3>\n<p><strong>Comme je l&#8217;ai dit plus t\u00f4t, je ne suis un expert en rien. Je vous livre mes impressions, \u00e0 vous d&#8217;en juger leurs coh\u00e9rences.<\/strong><\/p>\n<p>J&#8217;ai comme la mauvaise impression que nos soci\u00e9t\u00e9s occidentales resteront \u00e0 l&#8217;arr\u00eat, tant que chaque individu ne se responsabilisera pas en prenant des mesures draconiennes de confinement. Et comme il y a toujours une minorit\u00e9 individualiste qui se croit immunis\u00e9e par les r\u00e8gles de la soci\u00e9t\u00e9 et qui continuera \u00e0 vivre au d\u00e9pend des autres, les efforts de la majorit\u00e9 seront r\u00e9duits \u00e0 n\u00e9ant.<\/p>\n<p>Car comment peut-on encore penser \u00eatre \u00e0 la hauteur de g\u00e9rer des milliers de cas d&#8217;infection quand on n&#8217;a pas r\u00e9ussi \u00e0 le faire quand le premier cas est apparu? <strong>La seule chose que nous pouvons faire est de ralentir la progression de la pand\u00e9mie, en attendant le vaccin miracle. <\/strong>Et pour ce faire, le confinement semble \u00eatre la meilleure solution.<\/p>\n<p>Pour ainsi dire, je crois que nous serons condamn\u00e9s \u00e0 vivre confin\u00e9s tant qu&#8217;un vaccin ne sera pas trouv\u00e9. Je n&#8217;arrive pas \u00e0 envisager arr\u00eater la progression du coronavirus autrement dans nos pays occidentaux.<\/p>\n<h3>Recommandation<\/h3>\n<p>Si j&#8217;avais une recommandation \u00e0 vous donner, ce serait d&#8217;arr\u00eater de se regarder le nombril et d&#8217;agir.<\/p>\n<p>La responsabilit\u00e9 d&#8217;am\u00e9liorer le mal qui ronge notre soci\u00e9t\u00e9 n&#8217;incombe pas seulement aux gouvernements. C&#8217;est la n\u00f4tre en tant que citoyens.<\/p>\n<p>Si votre seul souci est que votre indemnisation gouvernementale vous soit vers\u00e9e \u00e0 la fin du mois, vous passez \u00e0 c\u00f4t\u00e9 de l&#8217;essentiel et vous risquez soit de mourir confin\u00e9 dans votre logement, soit vous finirez sur un lit d&#8217;h\u00f4pital. Ceux qui n&#8217;ont jamais \u00e9t\u00e9 expos\u00e9s \u00e0 la mis\u00e8re ne se doutent pas qu&#8217;elle les guette.<\/p>\n<p><strong>Soyons donc responsables envers tous.<\/strong><\/p>\n<h2>Perspectives d&#8217;avenir<\/h2>\n<h3>L&#8217;avenir du monde<\/h3>\n<p>Comment le COVID-19 affectera-t-il les comportements futurs de nos soci\u00e9t\u00e9s? Ceux des gouvernements et des leaders?<\/p>\n<p><strong>Je ne veux pas vous sembler pessimiste mais je n&#8217;entrevois pas l&#8217;avenir d&#8217;un bon oeil.<\/strong><\/p>\n<p>Je suis convaincu que nous sommes en train de vivre un tournant dans l&#8217;histoire du l&#8217;humanit\u00e9, de la m\u00eame ampleur que la chute du mur de Berlin. C&#8217;est un de ces moments historiques o\u00f9 le monde change pour toujours et o\u00f9 il ne sera plus pareil.<\/p>\n<p><strong>Pour le meilleur ou pour le pire. J&#8217;esp\u00e8re bien le meilleur, mais je crains le pire.<\/strong> Le pire, c&#8217;est un transfert de pouvoir de l&#8217;Ouest vers l&#8217;Est et un suicide collectif des occidentaux, avec un aller-simple vers la tombe qu&#8217;ils se sont eux-m\u00eames creus\u00e9s depuis tant d&#8217;ann\u00e9es.<\/p>\n<p>De la m\u00eame mani\u00e8re que l&#8217;\u00c9gypte, la Gr\u00e8ce ou l&#8217;Empire Romain, c&#8217;est au tour de la vieille Europe de conna\u00eetre la d\u00e9ch\u00e9ance. Par ailleurs, le fait qu&#8217;elle ait r\u00e9ussi \u00e0 avoir quelques os \u00e0 ronger durant ces derni\u00e8res d\u00e9cennies \u00e0 l&#8217;ombre des am\u00e9ricains est quand m\u00eame surprenant&#8230; ou pas.<\/p>\n<p>Le coronavirus semble \u00eatre accueilli en lib\u00e9rateur chez les socialistes et les \u00e9colos. Ils sont encore les plus opportunistes quand vient le temps de faire d\u00e9railler la grosse machine capitaliste, qui les a pourtant bien nourrit jusqu&#8217;\u00e0 aujourd&#8217;hui. Le bilan carbone va tomber dans le n\u00e9gatif. Ils l&#8217;ont souhait\u00e9, ils vont l&#8217;obtenir. Il nous reste plus qu&#8217;\u00e0 retourner dans les champs. Yeah!<\/p>\n<p>J&#8217;avais \u00e9crit un long article sur <strong><a href=\"https:\/\/thewonderlusters.com\/fr\/hysterie-climatique-dictature-ecologique-verite-qui-derange\/\">l&#8217;hyst\u00e9rie climatique et l&#8217;emprise de la mouvance du socialisme sur nos soci\u00e9t\u00e9s occidentales<\/a><\/strong>. Il n&#8217;est pas incertain que le coronavirus ne fasse pas partie de leurs plans. Je n&#8217;aurais jamais pens\u00e9 un jour utiliser la triple n\u00e9gation dans une m\u00eame phrase. Ouais, c&#8217;est dur de rester positif!<\/p>\n<p>D&#8217;autant plus que je vois les citoyens occidentaux qui, pr\u00e9occup\u00e9s \u00e0 sauver leurs peaux durant cette crise, tentent par tous les moyens de soutirer un maximum d&#8217;indemnisations de leurs gouvernements qui, en retour, leur promettent de les prot\u00e9ger de la mis\u00e8re. De l&#8217;argent gratuit, ils en impriment \u00e0 profusion \u00e0 longueur de journ\u00e9e ces temps-ci.<\/p>\n<p>Comment peut-on encore penser que les cadeaux du gouvernement sont gratuits? Ils nous mettent dans la m**** et aussit\u00f4t qu&#8217;ils nous donnent une friandise, on les accueille en sauveurs. Quand \u00e7a va mal, l&#8217;instinct de survie est plus fort que tout. \u00c7a inhibe nos capacit\u00e9s \u00e0 raisonner de mani\u00e8re logique.<\/p>\n<p><strong>T\u00f4t ou tard, le boomerang reviendra nous assommer. Et au r\u00e9veil, on ne vivra plus au pays des Bisounours mais dans un monde sans ouverture, sans prosp\u00e9rit\u00e9, sans libert\u00e9, sans d\u00e9mocratie.<\/strong><\/p>\n<p>Car oui, les r\u00e9gimes autoritaristes ont de l&#8217;avenir. Comme l&#8217;Afrique et l&#8217;Am\u00e9rique du Sud ont d\u00e9j\u00e0 \u00e9t\u00e9 conquises, l&#8217;Occident sera aussi conquis et l&#8217;h\u00e9g\u00e9monie de la Chine sera totale. Elle prendra les r\u00eanes du capitalisme 2.0 et le monde polluera de plus belle.<\/p>\n<p>Je vous avais dit que ma vision de l&#8217;avenir \u00e9tait pessimiste. En m\u00eame temps, je ne souhaite vraiment pas avoir raison.<\/p>\n<p><strong>Cependant, s&#8217;il y a une bonne chose que le coronavirus a caus\u00e9, c&#8217;est de nous contraindre \u00e0 nous arr\u00eater pour r\u00e9fl\u00e9chir sur la fragilit\u00e9 de la vie et surtout sur le sens de la vie.<\/strong><\/p>\n<h3>L&#8217;avenir de l&#8217;industrie du tourisme<\/h3>\n<p>Vous ne l&#8217;avez peut-\u00eatre pas remarqu\u00e9 mais ici, on parle beaucoup de voyage. Je vais donc faire une parenth\u00e8se sur le sujet.<\/p>\n<p>Le coronavirus affecte beaucoup d&#8217;industries. Celle du tourisme ne fait pas exception. Parmi toutes les industries, elle est m\u00eame la plus fortement touch\u00e9e.<\/p>\n<p>Sans aucun doute, la pente sera difficile \u00e0 remonter. Mais l&#8217;humanit\u00e9 a un d\u00e9sir inh\u00e9rent de voyager. C&#8217;est dans son ADN. L&#8217;industrie se redressera, mais \u00e7a prendra du temps.<\/p>\n<p><strong>Voici donc comment j&#8217;entrevois l&#8217;avenir du voyage, une fois que la crise sera pass\u00e9e:<\/strong><\/p>\n<p><strong>\u00c0 court terme<\/strong>, les politiques de bas prix inciteront le monde \u00e0 revoyager. Il y aura plus de flexibilit\u00e9 dans les conditions de vente. Les compagnies a\u00e9riennes et h\u00f4tels permettront des modifications gratuites.<\/p>\n<p><strong>Sur le moyen terme<\/strong>, comme les petits joueurs de l&#8217;industrie auront disparu, le manque de concurrences fera gonfler les prix. Mais les opportunistes qui arriveront \u00e0 tirer leur \u00e9pingle du jeu deviendront les outsiders de demain.<\/p>\n<p><strong>Sur le long terme<\/strong>, l\u2019industrie du tourisme se rel\u00e8vera et reviendra \u00e0 la situation avant la pand\u00e9mie pour rapidement la surpasser. Les gens ne voyageront plus de la m\u00eame fa\u00e7on.<\/p>\n<p>Combien de temps cela prendra? Nul ne le sait.<\/p>\n<p><strong>Concernant les opportunit\u00e9s qui se profilent :<\/strong><\/p>\n<p>Il est fort probable que le tourisme domestique se redresse d&#8217;abord et que le tourisme international suive ensuite.<\/p>\n<p>\u00c0 mesure que les nouvelles technologies nous habitueront \u00e0 travailler \u00e0 domicile, nos comportements seront transform\u00e9s de fa\u00e7on permanente. L&#8217;id\u00e9e de r\u00e9duire notre empreinte carbone pourrait nous plaire. Le voyage d&#8217;affaires sera appel\u00e9 \u00e0 se d\u00e9velopper.<\/p>\n<p>Les assurances voyage feront probablement partie des nouvelles habitudes d&#8217;achat.<\/p>\n<p>Le voyage sera encore plus ax\u00e9 sur les communaut\u00e9s virtuelles, avec des lieux de rencontre qui permettront aux gens de se connecter.<\/p>\n<p>La plus grande opportunit\u00e9 sera sans doute la collaboration et l&#8217;entraide. Les diff\u00e9rents joueurs de l&#8217;industrie \u00e9tabliront des alliances pour repartir la machine de plus bel!<\/p>\n<h2>Conclusion<\/h2>\n<p>Voici donc mon analyse personnelle de la situation li\u00e9e au coronavirus. J&#8217;\u00e9diterai peut-\u00eatre cette analyse en fonction des circonstances des prochaines semaines, en esp\u00e9rant que les nouvelles s&#8217;am\u00e9liorent!<\/p>\n<p>Gardons espoir!<\/p>\n<p>Dites-moi ce que vous en pensez et n&#8217;h\u00e9sitez pas \u00e0 partager!<\/p>\n","protected":false},"excerpt":{"rendered":"<p>Le coronavirus ou COVID-19 est au centre de toutes les pr\u00e9occupations depuis quelques semaines et cela risque d&#8217;\u00eatre encore le cas pour les nombreux&hellip;<\/p>\n","protected":false},"author":2,"featured_media":39889,"comment_status":"open","ping_status":"closed","sticky":false,"template":"","format":"standard","meta":{"_lmt_disableupdate":"no","_lmt_disable":"","_jetpack_memberships_contains_paid_content":false,"footnotes":""},"categories":[165],"tags":[],"class_list":["post-39886","post","type-post","status-publish","format-standard","has-post-thumbnail","hentry","category-reflexions"],"modified_by":"Poly","jetpack_sharing_enabled":true,"jetpack_featured_media_url":"https:\/\/i0.wp.com\/thewonderlusters.com\/wp-content\/uploads\/2020\/03\/coronavirus.jpg?fit=1920%2C1080&ssl=1","_links":{"self":[{"href":"https:\/\/thewonderlusters.com\/fr\/wp-json\/wp\/v2\/posts\/39886","targetHints":{"allow":["GET"]}}],"collection":[{"href":"https:\/\/thewonderlusters.com\/fr\/wp-json\/wp\/v2\/posts"}],"about":[{"href":"https:\/\/thewonderlusters.com\/fr\/wp-json\/wp\/v2\/types\/post"}],"author":[{"embeddable":true,"href":"https:\/\/thewonderlusters.com\/fr\/wp-json\/wp\/v2\/users\/2"}],"replies":[{"embeddable":true,"href":"https:\/\/thewonderlusters.com\/fr\/wp-json\/wp\/v2\/comments?post=39886"}],"version-history":[{"count":0,"href":"https:\/\/thewonderlusters.com\/fr\/wp-json\/wp\/v2\/posts\/39886\/revisions"}],"wp:featuredmedia":[{"embeddable":true,"href":"https:\/\/thewonderlusters.com\/fr\/wp-json\/wp\/v2\/media\/39889"}],"wp:attachment":[{"href":"https:\/\/thewonderlusters.com\/fr\/wp-json\/wp\/v2\/media?parent=39886"}],"wp:term":[{"taxonomy":"category","embeddable":true,"href":"https:\/\/thewonderlusters.com\/fr\/wp-json\/wp\/v2\/categories?post=39886"},{"taxonomy":"post_tag","embeddable":true,"href":"https:\/\/thewonderlusters.com\/fr\/wp-json\/wp\/v2\/tags?post=39886"}],"curies":[{"name":"wp","href":"https:\/\/api.w.org\/{rel}","templated":true}]}}