{"id":40990,"date":"2020-07-26T15:00:57","date_gmt":"2020-07-26T20:00:57","guid":{"rendered":"https:\/\/thewonderlusters.com\/?p=40990"},"modified":"2020-08-18T08:43:37","modified_gmt":"2020-08-18T13:43:37","slug":"covid-19-dangereux-ou-inoffensif","status":"publish","type":"post","link":"https:\/\/thewonderlusters.com\/fr\/covid-19-dangereux-ou-inoffensif\/","title":{"rendered":"COVID-19 : dangereux ou inoffensif? Une analyse logique et rationnelle"},"content":{"rendered":"<p>Existe-t-il des raisons de croire que le Coronavirus, ou COVID-19, est aussi dangereux qu&#8217;on nous le laisse entendre? Quel impact a-t-il r\u00e9ellement eu sur la surmortalit\u00e9? Quelles populations sont les plus vuln\u00e9rables? Devrait-on avoir peur d&#8217;une deuxi\u00e8me vague? Je vous livre les r\u00e9ponses en analysant les statistiques recueillies \u00e0 ce jour.<\/p>\n<p>Le 29 mars 2020, je vous avais livr\u00e9 <strong><a href=\"https:\/\/thewonderlusters.com\/fr\/coronavirus-analyse-perspective\/\">un article dans lequel je partageais mon analyse sur la COVID-19<\/a><\/strong> qui se voulait pragmatique, ainsi que quelques r\u00e9flexions personnelles et perspectives d\u2019avenir. L\u2019article visait, sur le moment, \u00e0 faire un \u00e9tat des lieux sur la situation et \u00e0 d\u00e9noncer la d\u00e9sinformation entourant la pand\u00e9mie qui, \u00e0 l\u2019\u00e9poque, avait commenc\u00e9 \u00e0 ravager l\u2019Europe et \u00e0 s\u2019\u00e9tablir en Am\u00e9rique du Nord.<\/p>\n<p>Aujourd\u2019hui le 26 juillet 2020, pr\u00e8s de 4 mois ont pass\u00e9 depuis cet article. Bien que cette pand\u00e9mie soit encore en progression \u00e0 travers le monde, chaque pays l\u2019a affront\u00e9e de mani\u00e8re diff\u00e9rente et suffisamment de donn\u00e9es ont dor\u00e9navant \u00e9t\u00e9 collect\u00e9es pour nous permettre de tirer des conclusions.<\/p>\n<p><strong>Une chose est encore certaine : la d\u00e9sinformation par les m\u00e9dias de masse est plus que jamais \u00e9vidente.<\/strong> Et cette d\u00e9sinformation continue terroriser les populations en leur martelant la m\u00eame information depuis 4 mois.<\/p>\n<p>Rassurez-vous, je ne verserai pas dans la conspiration en vous parlant de virus de laboratoire, de 5G ou encore du nouvel ordre mondial. Plut\u00f4t, je pr\u00e9senterai des chiffres provenant de sources officielles, je les exposerai de mani\u00e8re cart\u00e9sienne et je les analyserai d\u2019une mani\u00e8re pragmatique.<\/p>\n<p>Tout d\u2019abord, par l\u2019analyse des d\u00e9c\u00e8s, je d\u00e9montrerai que <strong>la COVID n\u2019est plus dangereuse une fois que la courbe est aplatie<\/strong>. Ensuite, j\u2019utiliserai les chiffres de la surmortalit\u00e9 pour d\u00e9montrer que <strong>les mesures sanitaires ont un impact n\u00e9gatif potentiellement plus important que le virus lui-m\u00eame<\/strong>. Finalement, j&#8217;analyserai les taux de mortalit\u00e9 pour justifier que <strong>le virus est inoffensif pour la tr\u00e8s grande majorit\u00e9 de la population<\/strong>.<\/p>\n<h2>Post-confinement : quels sont les constats?<\/h2>\n<p>L\u2019alarmisme ambiant qui r\u00e8gne sur nos soci\u00e9t\u00e9s occidentales, v\u00e9hicul\u00e9 par les m\u00e9dias de propagande politique, est en train de miner les relations entre les citoyens en creusant un clivage entre deux camps :<\/p>\n<ul>\n<li>Ceux qui croient \u00e0 l&#8217;effet ravageur du virus et qui sont pr\u00eats \u00e0 r\u00e9duire leur libert\u00e9 pour sauver des vies.<\/li>\n<li>Ceux qui croient que le risque de la pand\u00e9mie est affaibli \u00e0 un point qu\u2019il est temps de repartir l\u2019\u00e9conomie afin de sauver des vies.<\/li>\n<\/ul>\n<p><strong>Les deux camps ont le m\u00eame objectif altruiste mais ne s\u2019accordent pas sur la mani\u00e8re de le r\u00e9aliser.<\/strong> De mon point de vue, un seul camp est r\u00e9aliste et rationnel. L\u2019autre fonde son opinion sur des \u00e9motions.<\/p>\n<p>Voici quelques constats sur lesquels nous devrions quand m\u00eame \u00eatre en accord :<\/p>\n<ul>\n<li>Le coronavirus est mortel car il a suscit\u00e9 \u2013 et continue de susciter \u2013 beaucoup de d\u00e9c\u00e8s.<\/li>\n<li>Les mesures sanitaires ont contribu\u00e9 \u00e0 ralentir la propagation du virus.<\/li>\n<li>Le d\u00e9confinement graduel dans les pays occidentaux a \u00e9t\u00e9 g\u00e9n\u00e9ralement bien orchestr\u00e9.<\/li>\n<\/ul>\n<h2>Voici le graphique de la d\u00e9sinformation<\/h2>\n<p>Le graphique de la d\u00e9sinformation, celui qui entretient la peur et les clivages \u00e0 travers la population, qui cr\u00e9e un sentiment d\u2019urgence et de perte de contr\u00f4le, qui nous rend docile en tant que soci\u00e9t\u00e9, <strong>c\u2019est celui qui recense les cas<\/strong> (je parlerai de cas pour r\u00e9f\u00e9rer aux cas confirm\u00e9s). Vous l\u2019avez bien compris, c\u2019est le m\u00eame graphique de la d\u00e9sinformation que dans <a href=\"https:\/\/thewonderlusters.com\/fr\/coronavirus-analyse-perspective\/\">mon premier article sur le coronavirus<\/a>.<\/p>\n<p><iframe src=\"https:\/\/ourworldindata.org\/coronavirus-data-explorer?zoomToSelection=true&amp;country=OWID_WRL~Asia~Europe~NorthAmerica~SouthAmerica~Africa~Oceania&amp;casesMetric=true&amp;totalFreq=true&amp;hideControls=true&amp;smoothing=0&amp;pickerMetric=location&amp;pickerSort=asc\" width=\"100%\" height=\"600px\"><\/iframe><\/p>\n<p>Quotidiennement, les m\u00e9dias nous ass\u00e8nent de gros titres tels que :<\/p>\n<ul>\n<li>\u00ab <em>Nouveau record de <strong>70 000 cas confirm\u00e9s<\/strong> aux \u00c9tats-Unis<\/em> \u00bb<\/li>\n<li>\u00ab <em><strong>150 nouveaux cas<\/strong> au Qu\u00e9bec, le d\u00e9but d&#8217;une 2e vague?<\/em> \u00bb<\/li>\n<li>\u00ab <em>Le cap des <strong>10 millions de cas<\/strong> dans le monde a \u00e9t\u00e9 atteint<\/em> \u00bb<\/li>\n<\/ul>\n<p>Ce sont des sc\u00e9narios catastrophiques! L&#8217;inqui\u00e9tude r\u00e8gne dans l&#8217;esprit du commun des mortels qui lit ses nouvelles chaque jour. Il pense qu\u2019un nouveau cas aujourd&#8217;hui est un mort presque assur\u00e9 dans 2 semaines. Il fait totalement confiance au gouvernement et n&#8217;a qu&#8217;un espoir : se faire vacciner.<\/p>\n<p>Ces gros titres me font plut\u00f4t poser les questions suivantes :<\/p>\n<ul>\n<li>Combien y a-t-il eu de <b>D\u00c9C\u00c8S <\/b>suppl\u00e9mentaires?<\/li>\n<li>Quelle est la <strong>TENDANCE <\/strong>des d\u00e9c\u00e8s?<\/li>\n<li><strong>COMMENT EXPLIQUER CELA?<\/strong><\/li>\n<\/ul>\n<h2>Analyse du risque de d\u00e9c\u00e8s li\u00e9 \u00e0 la COVID<\/h2>\n<h3>Quelles le\u00e7ons tirer des premiers mois de la pand\u00e9mie?<\/h3>\n<p>Les raisons pour lesquelles nous pouvons dor\u00e9navant tirer certaines conclusions sur le coronavirus sont :<\/p>\n<ol>\n<li>Les pays ont ferm\u00e9 leurs fronti\u00e8res et<\/li>\n<li>Chaque pays a g\u00e9r\u00e9 la pand\u00e9mie de diff\u00e9rentes mani\u00e8res.<\/li>\n<\/ol>\n<p><strong>En comparant les donn\u00e9es recueillies \u00e0 travers le monde, nous avons donc une indication de ce qui a et ce qui n\u2019a pas fonctionn\u00e9. Mais aussi, nous pouvons savoir ce \u00e0 quoi nous devrions nous attendre \u00e0 vivre et comment s\u2019y pr\u00e9parer. <\/strong><\/p>\n<p>Je vous l&#8217;annonce tout de suite : l\u2019avenir s\u2019annonce diff\u00e9rent pour tous et il d\u00e9pend de la mani\u00e8re que chacun aura g\u00e9r\u00e9 la pand\u00e9mie.<\/p>\n<p>Mais pour comprendre, voici <strong>3 principes<\/strong>:<\/p>\n<ol>\n<li><strong>L\u2019immunit\u00e9 collective est applicable \u00e0 la COVID-19<\/strong>. <a href=\"https:\/\/www.pasteur.fr\/fr\/espace-presse\/documents-presse\/qu-est-ce-que-immunite-collective\" target=\"_blank\" rel=\"noopener noreferrer\">Selon l\u2019Institut Pasteur<\/a>, \u00ab <em>l&#8217;immunit\u00e9 collective correspond au pourcentage d\u2019une population donn\u00e9e qui est immunis\u00e9e\/prot\u00e9g\u00e9e contre une infection \u00e0 partir duquel un sujet infect\u00e9 introduit dans cette population ne va plus transmettre le pathog\u00e8ne car il rencontre trop de sujets prot\u00e9g\u00e9s. Cette immunit\u00e9 de groupe, ou collective, peut \u00eatre obtenue par l\u2019infection naturelle ou par la vaccination (s&#8217;il existe un vaccin bien entendu)\u00a0<\/em>\u00bb.<\/li>\n<li><strong>Les mesures sanitaires ralentissent l&#8217;immunisation collective<\/strong>. Elles incluent les fermetures de fronti\u00e8res, le confinement, la distanciation, le lavage des mains, le port du masque et la responsabilit\u00e9 citoyenne de chaque individu! Les plus stricts ont \u00e9t\u00e9 les pays asiatiques. \u00c0 divers degr\u00e9s, les autres pays ont \u00e9t\u00e9 plus ou moins laxistes.<\/li>\n<li>La COVID-19 ou <a href=\"https:\/\/fr.wikipedia.org\/wiki\/SARS-CoV-2\" target=\"_blank\" rel=\"noopener noreferrer\">le SARS-CoV-2<\/a> est une\u00a0souche de l&#8217;esp\u00e8ce de\u00a0coronavirus\u00a0<a href=\"https:\/\/fr.wikipedia.org\/wiki\/Coronavirus_li%C3%A9_au_syndrome_respiratoire_aigu_s%C3%A9v%C3%A8re\" target=\"_blank\" rel=\"noopener noreferrer\">SARSr-CoV<\/a>. Selon <a href=\"https:\/\/jamanetwork.com\/journals\/jamanetworkopen\/fullarticle\/2767010\" target=\"_blank\" rel=\"noopener noreferrer\">une \u00e9tude support\u00e9e par le National Institutes of Health<\/a>, <strong>le SARS-CoV-2 est saisonnier<\/strong> et sa virulence ob\u00e9it \u00e0 certaines conditions de temp\u00e9rature et humidit\u00e9. Il n&#8217;affecte pas toutes les r\u00e9gions du monde au m\u00eame moment. Il a touch\u00e9 l&#8217;h\u00e9misph\u00e8re Nord au printemps et pourrait y revenir en automne en tant que &#8220;deuxi\u00e8me vague&#8221; apr\u00e8s avoir circul\u00e9 dans l&#8217;h\u00e9misph\u00e8re Sud. La &#8220;seconde vague&#8221; est habituellement moins virulente que la premi\u00e8re du fait qu&#8217;une partie de la population est d\u00e9j\u00e0 immunis\u00e9e. Le virus pourrait dispara\u00eetre apr\u00e8s sa premi\u00e8re ann\u00e9e et revenir dans l&#8217;avenir en tant que nouvelle souche de coronavirus.<\/li>\n<\/ol>\n<p>Ce graphique de tr\u00e8s haut niveau des d\u00e9c\u00e8s par continent montre que le virus est bien saisonnier.<\/p>\n<p><iframe src=\"https:\/\/ourworldindata.org\/coronavirus-data-explorer?zoomToSelection=true&amp;country=Asia~Europe~NorthAmerica~SouthAmerica~Africa~Oceania&amp;deathsMetric=true&amp;dailyFreq=true&amp;hideControls=true&amp;perCapita=true&amp;smoothing=7&amp;pickerMetric=location&amp;pickerSort=asc\" width=\"100%\" height=\"600px\"><\/iframe><\/p>\n<p><strong>La th\u00e9orie<\/strong> est la suivante :<\/p>\n<ul>\n<li>Une population doit atteindre le seuil d\u2019immunit\u00e9 collective pour \u00eatre prot\u00e9g\u00e9e de la COVID.<\/li>\n<li>Des mesures sanitaires moins restrictives contribuent \u00e0 l&#8217;atteinte du seuil d\u2019immunit\u00e9 collective plus rapidement.<\/li>\n<li>Une population collectivement immunis\u00e9e n\u2019a pas besoin de se faire vacciner.<\/li>\n<li>Les mesures sanitaires strictes prot\u00e8gent la population du virus mais ne l\u2019immunisent pas collectivement. Dans cette situation, l\u2019immunit\u00e9 collective ne peut \u00eatre atteinte que par la vaccination de la population.<\/li>\n<li>Pour reconna\u00eetre si une population a atteint l\u2019immunit\u00e9 collective, il suffit de soulager les mesures sanitaires et de surveiller la courbe des d\u00e9c\u00e8s.<\/li>\n<li>Si les d\u00e9c\u00e8s journaliers diminuent malgr\u00e9 des mesures de d\u00e9confinement, alors c\u2019est un signe que le seuil d&#8217;immunit\u00e9 collective pourrait avoir \u00e9t\u00e9 atteint. Dans le cas contraire, elle est en cours d\u2019acquisition.<\/li>\n<li>Une remont\u00e9e des d\u00e9c\u00e8s apr\u00e8s une baisse n\u2019indique pas forc\u00e9ment le d\u00e9but d\u2019une deuxi\u00e8me vague. Cela signifie simplement que l\u2019immunit\u00e9 collective n\u2019a pas encore \u00e9t\u00e9 atteinte car les mesures de confinement n\u2019ont pas \u00e9t\u00e9 suffisamment rel\u00e2ch\u00e9es durant le premier passage du virus saisonnier.<\/li>\n<\/ul>\n<p>Ceci dit, voici <strong>mes observations concernant l\u2019immunit\u00e9 collective<\/strong> :<\/p>\n<ul>\n<li>L\u2019immunit\u00e9 collective pourrait \u00eatre d\u00e9j\u00e0 acquise dans la plupart des pays europ\u00e9ens, au Qu\u00e9bec et au Nord-Est des \u00c9tats-Unis, c\u2019est-\u00e0-dire les r\u00e9gions qui ont \u00e9t\u00e9 le plus durement frapp\u00e9es par le virus. Cette immunit\u00e9 collective s\u2019est acquise malgr\u00e9 des mesures de confinement plus ou moins laxiste mais jamais aussi stricte qu&#8217;en Asie.<\/li>\n<li>Bien que l\u2019Asie ait \u00e9t\u00e9 affect\u00e9e, les pays asiatiques n\u2019ont g\u00e9n\u00e9ralement pas encore atteint l\u2019immunit\u00e9 collective \u00e0 cause de leurs mesures sanitaires plus strictes (avec ou sans confinement) que dans les pays occidentaux.<\/li>\n<li>L\u2019Am\u00e9rique Latine est en voie d\u2019acqu\u00e9rir l\u2019immunit\u00e9 collective car elle souffre du m\u00eame manque de discipline que les populations europ\u00e9ennes et nord-am\u00e9ricaines quant aux mesures sanitaires.<\/li>\n<li>La vague saisonni\u00e8re de COVID est partie de l\u2019Asie entre janvier, elle a travers\u00e9 l\u2019Europe de f\u00e9vrier \u00e0 juin, puis le Canada et le Nord-Est des \u00c9tats-Unis. Depuis avril, elle s\u2019est d\u00e9plac\u00e9e en Am\u00e9rique Latine et en Afrique du Sud, qui vivent actuellement leur hiver. Elle est en train de revenir vers le Sud de l\u2019Asie, ainsi que dans le Sud des \u00c9tats-Unis par le Mexique.<\/li>\n<\/ul>\n<p>Et voici <strong>mes pr\u00e9visions<\/strong> pour les prochains mois :<\/p>\n<ul>\n<li>\u00c0 la fin de l\u2019\u00e9t\u00e9, la vague saisonni\u00e8re de la COVID-19 reviendra dans les r\u00e9gions du Nord, c\u2019est-\u00e0-dire au Canada, en Europe et en Asie. Le Qu\u00e9bec, le Nord-Est des \u00c9tats-Unis et l\u2019Europe subiront probablement peu de d\u00e9c\u00e8s.<\/li>\n<li>Le reste du Canada et des \u00c9tats-Unis seront probablement plus durement touch\u00e9es \u00e0 cause des mesures sanitaires assez strictes qui ont pr\u00e9serv\u00e9 ces populations du premier passage saisonnier de la COVID-19.<\/li>\n<li>L\u2019Asie continuera d&#8217;appliquer ses mesures sanitaires strictes et recueillera probablement peu de d\u00e9c\u00e8s, \u00e0 part peut-\u00eatre dans les r\u00e9gions plus pauvres comme l&#8217;Inde et l&#8217;Indon\u00e9sie).<\/li>\n<li>La vague de COVID-19 devrait terminer sa course \u00e0 la fin de l\u2019ann\u00e9e, puis une mutation, la COVID-20, pourrait \u00e9clore quelque-part dans le monde mais la probabilit\u00e9 qu\u2019elle soit aussi mortelle que son pr\u00e9d\u00e9cesseur est minime.<\/li>\n<li>La plupart des pays asiatiques n\u2019auront jamais connu l\u2019immunit\u00e9 collective et le vaccin qui sortira \u00e0 la fin de 2020 sera inutile.<\/li>\n<\/ul>\n<p>Pardonnez-moi de ne pas mentionner l\u2019Afrique ou le Moyen-Orient. Cette analyse ne se veut pas exhaustive mais l\u2019\u00e9chantillonnage est suffisant.<\/p>\n<p>Et pour illustrer mes propos, je vous montre la situation dans diff\u00e9rentes r\u00e9gions du monde.<\/p>\n<h3>Quelle est la situation au Qu\u00e9bec?<\/h3>\n<p>En ce jour, au Qu\u00e9bec, on recense une moyenne mobile de 150 cas par jour. Cependant, 150 cas par jour au Qu\u00e9bec en juillet 2020 n\u2019est pas aussi alarmant que 2 cas en mars 2020. Pourquoi?<\/p>\n<p>Tout est une question de contexte. En mars 2020, nous recevions nos premiers cas et l\u2019incertitude face \u00e0 l\u2019avenir \u00e9tait palpable. En juillet 2020, le pire est pass\u00e9, la population est d\u00e9confin\u00e9e et la courbe est aplatie.<\/p>\n<p>Quelle courbe, me demandez-vous? Pas celle des cas bien \u00e9videmment, mais celle des morts!<\/p>\n<p>Alors qu\u2019\u00e0 l\u2019apog\u00e9e de la crise, le Qu\u00e9bec atteignait 151 d\u00e9c\u00e8s en une journ\u00e9e, <a href=\"https:\/\/www.inspq.qc.ca\/covid-19\/donnees\" target=\"_blank\" rel=\"noopener noreferrer\">l&#8217;Institut National de Sant\u00e9 Publique du Qu\u00e9bec<\/a> recensait le 25 juillet une moyenne mobile de 1 d\u00e9c\u00e8s par jour.<\/p>\n<p><img fetchpriority=\"high\" decoding=\"async\" class=\"size-full wp-image-40993\" src=\"https:\/\/i0.wp.com\/thewonderlusters.com\/wp-content\/uploads\/2020\/07\/D\u00e9c\u00e8s-de-COVID-au-Qu\u00e9bec.jpg?resize=1170%2C372&#038;ssl=1\" alt=\"D\u00e9c\u00e8s-de-COVID-au-Qu\u00e9bec\" width=\"1170\" height=\"372\" srcset=\"https:\/\/i0.wp.com\/thewonderlusters.com\/wp-content\/uploads\/2020\/07\/D\u00e9c\u00e8s-de-COVID-au-Qu\u00e9bec.jpg?w=2048&amp;ssl=1 2048w, https:\/\/i0.wp.com\/thewonderlusters.com\/wp-content\/uploads\/2020\/07\/D\u00e9c\u00e8s-de-COVID-au-Qu\u00e9bec.jpg?resize=780%2C248&amp;ssl=1 780w, https:\/\/i0.wp.com\/thewonderlusters.com\/wp-content\/uploads\/2020\/07\/D\u00e9c\u00e8s-de-COVID-au-Qu\u00e9bec.jpg?resize=1170%2C372&amp;ssl=1 1170w\" sizes=\"(max-width: 1170px) 100vw, 1170px\" data-recalc-dims=\"1\" \/><\/p>\n<p>Ceci est d\u2019autant plus remarquable quand on sait que les \u00e9coles primaires ont r\u00e9ouvert le 10 mai, les centres d\u2019achat le 1er juin et les restaurants le 15 juin. Avec le d\u00e9confinement, des mesures de lavage de main et de distanciation ont \u00e9t\u00e9 prescrites. Malgr\u00e9 tout cela, dans la ville de Qu\u00e9bec o\u00f9 je vis, je remarque que la distanciation sociale et le lavage de mains ont \u00e9t\u00e9 peu \u00e0 peu n\u00e9glig\u00e9es.<\/p>\n<p>Dans ces conditions, il n\u2019y a aucune raison de croire que le virus soit aussi l\u00e9tal qu&#8217;il l&#8217;\u00e9tait en mars 2020, alors que les d\u00e9c\u00e8s augmentaient jour apr\u00e8s jour, malgr\u00e9 les mesures de confinement impos\u00e9es.<\/p>\n<p>Vous craignez une deuxi\u00e8me vague car vous avez remarqu\u00e9 que les cas ont augment\u00e9 depuis le d\u00e9but du mois de juillet?<br \/>\n<img decoding=\"async\" class=\"size-full wp-image-40991\" src=\"https:\/\/i0.wp.com\/thewonderlusters.com\/wp-content\/uploads\/2020\/07\/Cas-de-COVID-au-Qu\u00e9bec.jpg?resize=1170%2C347&#038;ssl=1\" alt=\"Cas-de-COVID-au-Qu\u00e9bec\" width=\"1170\" height=\"347\" srcset=\"https:\/\/i0.wp.com\/thewonderlusters.com\/wp-content\/uploads\/2020\/07\/Cas-de-COVID-au-Qu\u00e9bec.jpg?w=2048&amp;ssl=1 2048w, https:\/\/i0.wp.com\/thewonderlusters.com\/wp-content\/uploads\/2020\/07\/Cas-de-COVID-au-Qu\u00e9bec.jpg?resize=780%2C231&amp;ssl=1 780w, https:\/\/i0.wp.com\/thewonderlusters.com\/wp-content\/uploads\/2020\/07\/Cas-de-COVID-au-Qu\u00e9bec.jpg?resize=1170%2C347&amp;ssl=1 1170w\" sizes=\"(max-width: 1170px) 100vw, 1170px\" data-recalc-dims=\"1\" \/><\/p>\n<p>Rassurez-vous, cela s\u2019explique par le nombre de d\u00e9pistage qui, lui aussi, est en hausse.<\/p>\n<p><img decoding=\"async\" class=\"size-full wp-image-40995\" src=\"https:\/\/i0.wp.com\/thewonderlusters.com\/wp-content\/uploads\/2020\/07\/D\u00e9pistages-de-COVID-au-Qu\u00e9bec.jpg?resize=1170%2C347&#038;ssl=1\" alt=\"D\u00e9pistages-de-COVID-au-Qu\u00e9bec\" width=\"1170\" height=\"347\" srcset=\"https:\/\/i0.wp.com\/thewonderlusters.com\/wp-content\/uploads\/2020\/07\/D\u00e9pistages-de-COVID-au-Qu\u00e9bec.jpg?w=2048&amp;ssl=1 2048w, https:\/\/i0.wp.com\/thewonderlusters.com\/wp-content\/uploads\/2020\/07\/D\u00e9pistages-de-COVID-au-Qu\u00e9bec.jpg?resize=780%2C231&amp;ssl=1 780w, https:\/\/i0.wp.com\/thewonderlusters.com\/wp-content\/uploads\/2020\/07\/D\u00e9pistages-de-COVID-au-Qu\u00e9bec.jpg?resize=1170%2C347&amp;ssl=1 1170w\" sizes=\"(max-width: 1170px) 100vw, 1170px\" data-recalc-dims=\"1\" \/><br \/>\nEn effet, alors que le nombre de cas a atteint son plus bas le 28 juin avec 60 cas pour 5,424 d\u00e9pistages, il est remont\u00e9 \u00e0 son plus haut le 17 juillet avec 190 cas pour 16466 d\u00e9pistages. <strong>La proportion des cas par rapport aux d\u00e9pistages est donc rest\u00e9e constante<\/strong>, soit 1.10% le 28 juin contre 1.15% le 17 juillet.<\/p>\n<p><strong>En partant du constat que les cas augmentent proportionnellement aux d\u00e9pistages en d\u00e9pit de la diminution des d\u00e9c\u00e8s, on peut conclure que l&#8217;immunit\u00e9 collective est en totalit\u00e9 ou en partie atteinte au Qu\u00e9bec.<\/strong><\/p>\n<h3>Quelle est la situation en Europe?<\/h3>\n<p>En Europe, la situation est semblable au Qu\u00e9bec : les cas journaliers ont drastiquement chut\u00e9 et les morts aussi.<\/p>\n<p><span style=\"color: #ff0000;\">Mise \u00e0 jour du 17 ao\u00fbt 2020: conform\u00e9ment \u00e0 mes pr\u00e9visions, la vague saisonni\u00e8re de la COVID-19 est revenue en force en Europe, malgr\u00e9 les mesures sanitaires plus restrictives impos\u00e9es aux populations. Les pays europ\u00e9ens, l&#8217;Espagne en t\u00eate, sont en train de subir une hausse &#8220;fulgurante&#8221; du nombre de cas. Cependant, le nombre de d\u00e9c\u00e8s enregistr\u00e9s ne suit pas la tendance des nombres de nouveaux cas. Cela confirme que l&#8217;immunisation collective, engendr\u00e9e par le premier passage du virus au printemps dernier, semble bien \u00e9tablie.<\/span><\/p>\n<p><iframe src=\"https:\/\/ourworldindata.org\/coronavirus-data-explorer?zoomToSelection=true&amp;country=ESP~ITA~GBR~DEU~FRA~SWE&amp;casesMetric=true&amp;dailyFreq=true&amp;hideControls=true&amp;perCapita=true&amp;smoothing=7&amp;pickerMetric=location&amp;pickerSort=asc\" width=\"100%\" height=\"600px\"><\/iframe><\/p>\n<p><iframe src=\"https:\/\/ourworldindata.org\/coronavirus-data-explorer?zoomToSelection=true&amp;country=ESP~ITA~GBR~DEU~FRA~SWE&amp;deathsMetric=true&amp;dailyFreq=true&amp;hideControls=true&amp;perCapita=true&amp;smoothing=7&amp;pickerMetric=location&amp;pickerSort=asc\" width=\"100%\" height=\"600px\"><\/iframe><br \/>\nLa Su\u00e8de est un cas particulier du fait que le pays n\u2019a pas confin\u00e9 sa population. Nous pouvons remarquer que l\u2019\u00e9volution du nombre de d\u00e9c\u00e8s par habitant n\u2019est pas n\u00e9cessairement diff\u00e9rente de celui des grands pays Europ\u00e9ens. <strong>Cela d\u00e9montre qu&#8217;un confinement non-strict ne procure pas d&#8217;avantage substantiel par rapport \u00e0 un non-confinement.<\/strong><\/p>\n<h3>Quelle est la situation dans l\u2019h\u00e9misph\u00e8re Sud?<\/h3>\n<p>Tandis que les pays d&#8217;Europe occidentale et Nord-am\u00e9ricains ont r\u00e9ussi \u00e0 ralentir la propagation du coronavirus, c\u2019est au tour des pays d\u2019Am\u00e9rique latine de subir la pand\u00e9mie.<br \/>\n<iframe src=\"https:\/\/ourworldindata.org\/coronavirus-data-explorer?zoomToSelection=true&amp;country=PER~BOL~BRA~ZAF~CHL~MEX~COL~ARG&amp;casesMetric=true&amp;dailyFreq=true&amp;hideControls=true&amp;perCapita=true&amp;smoothing=7&amp;pickerMetric=location&amp;pickerSort=asc\" width=\"100%\" height=\"600px\"><\/iframe><\/p>\n<p><iframe src=\"https:\/\/ourworldindata.org\/coronavirus-data-explorer?zoomToSelection=true&amp;country=PER~BOL~BRA~ZAF~CHL~MEX~COL~ARG&amp;deathsMetric=true&amp;dailyFreq=true&amp;hideControls=true&amp;perCapita=true&amp;smoothing=7&amp;pickerMetric=location&amp;pickerSort=asc\" width=\"100%\" height=\"600px\"><\/iframe><\/p>\n<p>Ces tendances s&#8217;expliquent par le fait que la COVID-19 est un virus saisonnier, l&#8217;h\u00e9misph\u00e8re Sud vivant actuellement son hiver.<\/p>\n<p>Les statistiques en Australie et en l\u2019Afrique du Sud confirment cette observation.<\/p>\n<p><iframe src=\"https:\/\/ourworldindata.org\/coronavirus-data-explorer?zoomToSelection=true&amp;country=AUS~ZAF&amp;deathsMetric=true&amp;dailyFreq=true&amp;hideControls=true&amp;perCapita=true&amp;smoothing=7&amp;pickerMetric=location&amp;pickerSort=asc\" width=\"100%\" height=\"600px\"><\/iframe><\/p>\n<h3>Quelle est la situation en Asie?<\/h3>\n<p>Le continent Asiatique est tr\u00e8s grand. On peut r\u00e9partir les pays asiatiques en deux cat\u00e9gories:<\/p>\n<ul>\n<li>Les pays d\u00e9velopp\u00e9s tels que le Japon ou la Cor\u00e9e du Sud;<\/li>\n<li>Les pays moins d\u00e9velopp\u00e9s et aux soci\u00e9t\u00e9s moins bien organis\u00e9es comme l&#8217;Inde, les Philippines, l&#8217;Indon\u00e9sie.<\/li>\n<\/ul>\n<p>On observe bien la saisonnalit\u00e9 du virus qui a touch\u00e9 les pays de l&#8217;Est-Asiatique au printemps et qui est en train de se r\u00e9pandre dans les pays du Sud-Asiatique.<\/p>\n<p>Les mesures sanitaires draconiennes ont relativement bien contenu la propagation du virus au printemps dans les pays plus au Nord. Mais les populations du Sud aux fortes densit\u00e9s de population et moins bien organis\u00e9es sont en train de vivre un &#8220;petit&#8221; ravage. En effet, ces pays asiatiques sont encore tr\u00e8s loin d&#8217;\u00eatre aussi affect\u00e9s que les pays de l&#8217;Am\u00e9rique Latine (voir l&#8217;\u00e9chelle de mesure) mais c&#8217;est une tendance \u00e0 surveiller.<\/p>\n<p><iframe src=\"https:\/\/ourworldindata.org\/coronavirus-data-explorer?zoomToSelection=true&amp;country=CHN~JPN~KOR~THA~IDN~IND~PHL&amp;casesMetric=true&amp;dailyFreq=true&amp;hideControls=true&amp;perCapita=true&amp;smoothing=7&amp;pickerMetric=location&amp;pickerSort=asc\" width=\"100%\" height=\"600px\"><\/iframe><\/p>\n<p><iframe src=\"https:\/\/ourworldindata.org\/coronavirus-data-explorer?zoomToSelection=true&amp;country=CHN~JPN~KOR~THA~IDN~IND~PHL&amp;deathsMetric=true&amp;dailyFreq=true&amp;hideControls=true&amp;perCapita=true&amp;smoothing=7&amp;pickerMetric=location&amp;pickerSort=asc\" width=\"100%\" height=\"600px\"><\/iframe><\/p>\n<h3>Quelle est la situation aux \u00c9tats-Unis?<\/h3>\n<p>Qu\u2019en est-il des \u00c9tats-Unis? Le <a href=\"https:\/\/covidtracking.com\/data\/charts\/us-all-key-metrics\" target=\"_blank\" rel=\"noopener noreferrer\">COVID Tracking Project<\/a> nous fournit des donn\u00e9es. En regardant la courbe des cas, on constate qu\u2019ils n\u2019arr\u00eatent pas d\u2019augmenter. Les compteurs s\u2019affolent et les m\u00e9dias continuent d\u2019accuser le pr\u00e9sident Trump de tous les maux de la plan\u00e8te.<\/p>\n<p><img loading=\"lazy\" decoding=\"async\" class=\"size-full wp-image-41007\" src=\"https:\/\/i0.wp.com\/thewonderlusters.com\/wp-content\/uploads\/2020\/07\/Tendance-Cas-COVID-US.jpg?resize=1170%2C696&#038;ssl=1\" alt=\"Tendance-Cas-COVID-US\" width=\"1170\" height=\"696\" srcset=\"https:\/\/i0.wp.com\/thewonderlusters.com\/wp-content\/uploads\/2020\/07\/Tendance-Cas-COVID-US.jpg?w=2048&amp;ssl=1 2048w, https:\/\/i0.wp.com\/thewonderlusters.com\/wp-content\/uploads\/2020\/07\/Tendance-Cas-COVID-US.jpg?resize=780%2C464&amp;ssl=1 780w, https:\/\/i0.wp.com\/thewonderlusters.com\/wp-content\/uploads\/2020\/07\/Tendance-Cas-COVID-US.jpg?resize=1170%2C696&amp;ssl=1 1170w\" sizes=\"(max-width: 1170px) 100vw, 1170px\" data-recalc-dims=\"1\" \/><\/p>\n<p>Mais si on se penche sur les chiffres en d\u00e9tail, c\u2019est une diff\u00e9rente r\u00e9alit\u00e9. La situation des \u00c9tats-Unis est particuli\u00e8re du fait que chaque \u00c9tat (comme chaque province au Canada) b\u00e9n\u00e9ficie d\u2019une grande autonomie dans la gestion de la crise. Les donn\u00e9es des \u00c9tats-Unis ne peuvent donc pas \u00eatre trait\u00e9e de la m\u00eame mani\u00e8re que pour des pays comme la France ou l\u2019Italie.<\/p>\n<p>En v\u00e9rit\u00e9, il existe deux facteurs expliquant la mont\u00e9e de la courbe des nouveaux cas : l\u2019augmentation des d\u00e9pistages et le retour du virus saisonnier.<\/p>\n<p><strong>L\u2019augmentation des d\u00e9pistages<\/strong> : comme au Qu\u00e9bec, mais \u00e0 plus grande \u00e9chelle, les \u00c9tats-Unis testent plus. Ils passent de 100 000 tests par jour d\u00e9but avril \u00e0 800 000 tests par jour aujourd\u2019hui. Donc les cas augmentent car les tests de d\u00e9pistage augmentent.<\/p>\n<p><img loading=\"lazy\" decoding=\"async\" class=\"size-full wp-image-41011\" src=\"https:\/\/i0.wp.com\/thewonderlusters.com\/wp-content\/uploads\/2020\/07\/Tendance-Tests-COVID-US.jpg?resize=1170%2C706&#038;ssl=1\" alt=\"Tendance-Tests-COVID-US\" width=\"1170\" height=\"706\" srcset=\"https:\/\/i0.wp.com\/thewonderlusters.com\/wp-content\/uploads\/2020\/07\/Tendance-Tests-COVID-US.jpg?w=2048&amp;ssl=1 2048w, https:\/\/i0.wp.com\/thewonderlusters.com\/wp-content\/uploads\/2020\/07\/Tendance-Tests-COVID-US.jpg?resize=780%2C471&amp;ssl=1 780w, https:\/\/i0.wp.com\/thewonderlusters.com\/wp-content\/uploads\/2020\/07\/Tendance-Tests-COVID-US.jpg?resize=1170%2C706&amp;ssl=1 1170w\" sizes=\"(max-width: 1170px) 100vw, 1170px\" data-recalc-dims=\"1\" \/><\/p>\n<p>Contrairement aux cas, les d\u00e9c\u00e8s ont une tendance \u00e0 diminuer. L&#8217;observation nous montre que jusqu\u2019\u00e0 la fin mai, les cas diminuaient continuellement alors que la population \u00e9tait confin\u00e9e. C&#8217;est suite \u00e0 la mort de George Floyd que les \u00e9v\u00e8nements de protestations contre le racisme syst\u00e9mique ont acc\u00e9l\u00e9r\u00e9 le d\u00e9confinement et les cas ont recommenc\u00e9 \u00e0 croitre, alors que la fr\u00e9quence des d\u00e9pistages continuait d\u2019augmenter. Malgr\u00e9 cela, les d\u00e9c\u00e8s ont continu\u00e9 \u00e0 diminuer.<\/p>\n<p><img loading=\"lazy\" decoding=\"async\" class=\"size-full wp-image-41009\" src=\"https:\/\/i0.wp.com\/thewonderlusters.com\/wp-content\/uploads\/2020\/07\/Tendance-D\u00e9c\u00e8s-COVID-US.jpg?resize=1170%2C696&#038;ssl=1\" alt=\"Tendance-D\u00e9c\u00e8s-COVID-US\" width=\"1170\" height=\"696\" srcset=\"https:\/\/i0.wp.com\/thewonderlusters.com\/wp-content\/uploads\/2020\/07\/Tendance-D\u00e9c\u00e8s-COVID-US.jpg?w=2295&amp;ssl=1 2295w, https:\/\/i0.wp.com\/thewonderlusters.com\/wp-content\/uploads\/2020\/07\/Tendance-D\u00e9c\u00e8s-COVID-US.jpg?resize=780%2C464&amp;ssl=1 780w, https:\/\/i0.wp.com\/thewonderlusters.com\/wp-content\/uploads\/2020\/07\/Tendance-D\u00e9c\u00e8s-COVID-US.jpg?resize=1170%2C696&amp;ssl=1 1170w\" sizes=\"(max-width: 1170px) 100vw, 1170px\" data-recalc-dims=\"1\" \/><\/p>\n<p>Comme au Qu\u00e9bec, l&#8217;immunit\u00e9 collective est donc aussi en partie atteinte aux \u00c9tats-Unis. Mais pourquoi ne l&#8217;est-elle pas en totalit\u00e9?<\/p>\n<p>Parce que les d\u00e9c\u00e8s sont en train de remonter depuis le 7 juillet. Une deuxi\u00e8me vague? Pas du tout! Voici l&#8217;explication.<\/p>\n<p><strong>La saisonnalit\u00e9 du virus<\/strong> : en d\u00e9coupant les \u00c9tats-Unis par r\u00e9gion, on y voit plus clair.<\/p>\n<p>On remarque bien que le virus est en train d\u2019attaquer les r\u00e9gions du Sud et de l\u2019Ouest qui n\u2019avaient jusqu\u2019alors pas \u00e9t\u00e9 tr\u00e8s affect\u00e9s.<\/p>\n<p><img loading=\"lazy\" decoding=\"async\" class=\"size-full wp-image-41001\" src=\"https:\/\/i0.wp.com\/thewonderlusters.com\/wp-content\/uploads\/2020\/07\/Tendance-COVID-US-S.jpg?resize=1170%2C694&#038;ssl=1\" alt=\"Tendance-COVID-US-S\" width=\"1170\" height=\"694\" srcset=\"https:\/\/i0.wp.com\/thewonderlusters.com\/wp-content\/uploads\/2020\/07\/Tendance-COVID-US-S.jpg?w=2048&amp;ssl=1 2048w, https:\/\/i0.wp.com\/thewonderlusters.com\/wp-content\/uploads\/2020\/07\/Tendance-COVID-US-S.jpg?resize=780%2C463&amp;ssl=1 780w, https:\/\/i0.wp.com\/thewonderlusters.com\/wp-content\/uploads\/2020\/07\/Tendance-COVID-US-S.jpg?resize=1170%2C694&amp;ssl=1 1170w\" sizes=\"(max-width: 1170px) 100vw, 1170px\" data-recalc-dims=\"1\" \/><\/p>\n<p><img loading=\"lazy\" decoding=\"async\" class=\"size-full wp-image-41003\" src=\"https:\/\/i0.wp.com\/thewonderlusters.com\/wp-content\/uploads\/2020\/07\/Tendance-COVID-US-W.jpg?resize=1170%2C703&#038;ssl=1\" alt=\"Tendance-COVID-US-W\" width=\"1170\" height=\"703\" srcset=\"https:\/\/i0.wp.com\/thewonderlusters.com\/wp-content\/uploads\/2020\/07\/Tendance-COVID-US-W.jpg?w=2048&amp;ssl=1 2048w, https:\/\/i0.wp.com\/thewonderlusters.com\/wp-content\/uploads\/2020\/07\/Tendance-COVID-US-W.jpg?resize=780%2C468&amp;ssl=1 780w, https:\/\/i0.wp.com\/thewonderlusters.com\/wp-content\/uploads\/2020\/07\/Tendance-COVID-US-W.jpg?resize=1170%2C703&amp;ssl=1 1170w\" sizes=\"(max-width: 1170px) 100vw, 1170px\" data-recalc-dims=\"1\" \/><\/p>\n<p>Le Midwest, qui est la r\u00e9gion du Centre-Nord des \u00c9tats Unis, avait \u00e9t\u00e9 relativement \u00e9pargn\u00e9e. Comme le virus est en train de progresser vers le Nord, on voit un d\u00e9but de croissance de la courbe des nouveaux d\u00e9c\u00e8s.<\/p>\n<p><img loading=\"lazy\" decoding=\"async\" class=\"size-full wp-image-40997\" src=\"https:\/\/i0.wp.com\/thewonderlusters.com\/wp-content\/uploads\/2020\/07\/Tendance-COVID-US-MW.jpg?resize=1170%2C704&#038;ssl=1\" alt=\"Tendance-COVID-US-MW\" width=\"1170\" height=\"704\" srcset=\"https:\/\/i0.wp.com\/thewonderlusters.com\/wp-content\/uploads\/2020\/07\/Tendance-COVID-US-MW.jpg?w=2048&amp;ssl=1 2048w, https:\/\/i0.wp.com\/thewonderlusters.com\/wp-content\/uploads\/2020\/07\/Tendance-COVID-US-MW.jpg?resize=780%2C470&amp;ssl=1 780w, https:\/\/i0.wp.com\/thewonderlusters.com\/wp-content\/uploads\/2020\/07\/Tendance-COVID-US-MW.jpg?resize=1170%2C704&amp;ssl=1 1170w\" sizes=\"(max-width: 1170px) 100vw, 1170px\" data-recalc-dims=\"1\" \/><\/p>\n<p>Par contre, la r\u00e9gion Nord-Est, qui se trouve \u00e0 la m\u00eame latitude que le Midwest, ayant d\u00e9j\u00e0 \u00e9t\u00e9 frapp\u00e9 de plein fouet au mois de mai, semble \u00e9pargn\u00e9e. On peut donc supposer que l&#8217;immunit\u00e9 collective a \u00e9t\u00e9 atteinte dans cette r\u00e9gion des \u00c9tats-Unis et que le retour du virus ne risque pas d&#8217;affecter ces populations. Ce serait donc une excellente nouvelle pour le Qu\u00e9bec et l&#8217;Europe qui devraient aussi voir le virus revenir tr\u00e8s bient\u00f4t.<\/p>\n<p><img loading=\"lazy\" decoding=\"async\" class=\"size-full wp-image-40999\" src=\"https:\/\/i0.wp.com\/thewonderlusters.com\/wp-content\/uploads\/2020\/07\/Tendance-COVID-US-NE.jpg?resize=1170%2C694&#038;ssl=1\" alt=\"Tendance-COVID-US-NE\" width=\"1170\" height=\"694\" srcset=\"https:\/\/i0.wp.com\/thewonderlusters.com\/wp-content\/uploads\/2020\/07\/Tendance-COVID-US-NE.jpg?w=2048&amp;ssl=1 2048w, https:\/\/i0.wp.com\/thewonderlusters.com\/wp-content\/uploads\/2020\/07\/Tendance-COVID-US-NE.jpg?resize=780%2C462&amp;ssl=1 780w, https:\/\/i0.wp.com\/thewonderlusters.com\/wp-content\/uploads\/2020\/07\/Tendance-COVID-US-NE.jpg?resize=1170%2C694&amp;ssl=1 1170w\" sizes=\"(max-width: 1170px) 100vw, 1170px\" data-recalc-dims=\"1\" \/><\/p>\n<h2>Analyse d\u2019impact du coronavirus sur la surmortalit\u00e9<\/h2>\n<h3>Qu\u2019est-ce que la surmortalit\u00e9?<\/h3>\n<p><strong>La surmortalit\u00e9 est un terme utilis\u00e9 en \u00e9pid\u00e9miologie et en sant\u00e9 publique qui fait r\u00e9f\u00e9rence au nombre de d\u00e9c\u00e8s d\u00e9passant ce que l&#8217;on aurait pu s&#8217;attendre \u00e0 voir dans des conditions &#8220;normales&#8221;. La mortalit\u00e9 exc\u00e9dentaire est donc la mortalit\u00e9 qui est attribuable aux conditions de crise.<\/strong><\/p>\n<p>Elle est utilis\u00e9e pour mesurer l&#8217;impact d&#8217;une crise sur la mortalit\u00e9 lorsque toutes les causes de d\u00e9c\u00e8s ne sont pas connues.<\/p>\n<p>Pour calculer la surmortalit\u00e9 au cours d&#8217;une p\u00e9riode donn\u00e9e, on examine le nombre de personnes qui sont d\u00e9c\u00e9d\u00e9es au cours de cette p\u00e9riode et on le compare au nombre moyen de d\u00e9c\u00e8s pendant la m\u00eame p\u00e9riode au cours des ann\u00e9es pr\u00e9c\u00e9dentes.<\/p>\n<h3>Pourquoi est-il important de se pencher sur la surmortalit\u00e9 ?<\/h3>\n<p>Pour contre-valider les chiffres de d\u00e9c\u00e8s enregistr\u00e9s par les gouvernements \u00e9videmment!<\/p>\n<p>Nonobstant la m\u00e9thodologie d\u2019\u00e9chantillonnage de chaque pays, si elle reste constante dans le temps, la surmortalit\u00e9 devrait refl\u00e9ter les 3 cons\u00e9quences suivantes :<\/p>\n<ul>\n<li>Une augmentation des d\u00e9c\u00e8s directement caus\u00e9s par le virus,<\/li>\n<li>Une augmentation des d\u00e9c\u00e8s indirectement caus\u00e9s par le virus mais li\u00e9s \u00e0 la r\u00e9ponse \u00e0 la pand\u00e9mie. En raison des mesures de distanciation sociale, on pourrait par exemple pr\u00e9sumer une augmentation des d\u00e9c\u00e8s li\u00e9s au suicide, \u00e0 l\u2019alcool, \u00e0 la drogue, \u00e0 la d\u00e9pression, \u00e0 la d\u00e9mence et aux homicides. Le d\u00e9bordement des h\u00f4pitaux et l&#8217;\u00e9vitement des soins de sant\u00e9 pourraient m\u00eame avoir un effet n\u00e9faste sur les accidents cardio-vasculaires et cancers.<\/li>\n<li>Une diminution de certaines causes. Par exemple, les d\u00e9c\u00e8s dus aux accidents de la route.<\/li>\n<\/ul>\n<p><strong>La diff\u00e9rence entre la surmortalit\u00e9 et les d\u00e9c\u00e8s attribu\u00e9s \u00e0 la COVID devrait donc s\u2019expliquer par l\u2019impact des mesures de sanitaires, c&#8217;est \u00e0 dire le confinement et la distanciation sociale, sur la soci\u00e9t\u00e9.<\/strong><\/p>\n<h3>L\u2019exc\u00e9dent de mortalit\u00e9 est-il une cons\u00e9quence exclusive du virus?<\/h3>\n<p><strong><a href=\"https:\/\/jamanetwork.com\/journals\/jamainternalmedicine\/fullarticle\/2767980\" target=\"_blank\" rel=\"noopener noreferrer\">Une r\u00e9cente \u00e9tude sur la surmortalit\u00e9 aux \u00c9tats-Unis entre le 1er mars et le 30 mai 2020<\/a><\/strong> d\u00e9montre deux aspects int\u00e9ressants:<\/p>\n<ul>\n<li>Il y avait un exc\u00e9dent de mortalit\u00e9 de 122,300, dont 95,235 (78%) sont attribu\u00e9s \u00e0 la COVID. Ceci suppose donc que 27,065 (22%) de la surmortalit\u00e9 est caus\u00e9e indirectement par la COVID.<\/li>\n<li>La part attribu\u00e9e \u00e0 la COVID est plus importante dans les \u00c9tats du Nord-Est (les plus touch\u00e9s) que dans les \u00c9tats du Sud. On remarque par exemple qu&#8217;au Texas et en Arizona, les d\u00e9c\u00e8s indirectement dus \u00e0 la COVID sont sup\u00e9rieurs \u00e0 ceux de la COVID (55% et 53% respectivement).<\/li>\n<\/ul>\n<div id=\"attachment_41015\" style=\"width: 2773px\" class=\"wp-caption aligncenter\"><img loading=\"lazy\" decoding=\"async\" aria-describedby=\"caption-attachment-41015\" class=\"size-full wp-image-41015\" src=\"https:\/\/i0.wp.com\/thewonderlusters.com\/wp-content\/uploads\/2020\/07\/Reported-Deaths-Coded-as-COVID-19-US.png?resize=1170%2C1219&#038;ssl=1\" alt=\"Reported-Deaths-Coded-as-COVID-19-US\" width=\"1170\" height=\"1219\" srcset=\"https:\/\/i0.wp.com\/thewonderlusters.com\/wp-content\/uploads\/2020\/07\/Reported-Deaths-Coded-as-COVID-19-US.png?w=2763&amp;ssl=1 2763w, https:\/\/i0.wp.com\/thewonderlusters.com\/wp-content\/uploads\/2020\/07\/Reported-Deaths-Coded-as-COVID-19-US.png?resize=780%2C813&amp;ssl=1 780w, https:\/\/i0.wp.com\/thewonderlusters.com\/wp-content\/uploads\/2020\/07\/Reported-Deaths-Coded-as-COVID-19-US.png?resize=1170%2C1219&amp;ssl=1 1170w, https:\/\/i0.wp.com\/thewonderlusters.com\/wp-content\/uploads\/2020\/07\/Reported-Deaths-Coded-as-COVID-19-US.png?w=2340&amp;ssl=1 2340w\" sizes=\"(max-width: 1170px) 100vw, 1170px\" data-recalc-dims=\"1\" \/><p id=\"caption-attachment-41015\" class=\"wp-caption-text\">D\u00e9c\u00e8s report\u00e9s en tant que COVID-19 compar\u00e9 \u00e0 la surmortalit\u00e9 aux \u00c9tats-Unis, 1er mars au 30 mai 2020<\/p><\/div>\n<p>Une observation \u00e9trange cependant : <strong>le nombre de morts confirm\u00e9s de COVID (95,235) d\u00e9passe l\u2019estimation de surmortalit\u00e9 caus\u00e9e par la pneumonie\/influenza\/COVID (94,139)<\/strong>. Ceci laisse supposer que tous les morts habituellement accord\u00e9s \u00e0 la pneumonie et \u00e0 l\u2019influenza ont \u00e9t\u00e9 d\u00e9clar\u00e9s comme \u00e9tait caus\u00e9s par la COVID.<\/p>\n<p>\u00c7a a \u00e9veill\u00e9 en moi des soup\u00e7ons et j\u2019ai voulu contre-v\u00e9rifier ces hypoth\u00e8ses en allant \u00e0 <a href=\"https:\/\/gis.cdc.gov\/grasp\/fluview\/mortality.html\" target=\"_blank\" rel=\"noopener noreferrer\">la source fournie par l\u2019\u00e9tude<\/a>, le National Center for Health Statistics (NCHS). J\u2019ai donc compil\u00e9 les d\u00e9c\u00e8s d\u00e9clar\u00e9s causant la pneumonie et l\u2019influenza. J\u2019ai obtenu un total de 94,139 morts de pneumonie et influenza entre les semaines 10 et 21 de 2020. Pour les saisons 2016, 2017, 2018 et 2019 pour le m\u00eame intervalle de p\u00e9riodes, j\u2019ai obtenu des chiffres entre 42,690 et 45,182. Ces chiffres montrent bien que la COVID est comptabilis\u00e9e par le NCHS dans la cat\u00e9gorie de la pneumonie.<\/p>\n<p><strong>Cela confirme donc qu\u2019officiellement, la COVID a fait disparaitre la pneumonie et l\u2019influenza qui ordinairement, ont caus\u00e9 une moyenne de 44,000 morts pour cette p\u00e9riode, chaque ann\u00e9e.<\/strong><\/p>\n<p>Pensant \u00eatre une erreur, encore une fois par souci de contre-v\u00e9rification, j\u2019ai valid\u00e9 les donn\u00e9es de mortalit\u00e9 annuelle caus\u00e9e par l\u2019influenza et la pneumonie pour l\u2019ann\u00e9e 2017-2018 avec les chiffres de <a href=\"https:\/\/ourworldindata.org\/grapher\/annual-number-of-deaths-by-cause?time=latest&amp;country=~USA\" target=\"_blank\" rel=\"noopener noreferrer\">l\u2019\u00e9tude de 2017 du Global Burden of Disease<\/a> du Institute for Health Metrics and Evaluation (IHME). Sans \u00e9quivoque, le total des d\u00e9c\u00e8s li\u00e9s \u00e0 la pneumonie et \u00e0 l\u2019influenza du NCHS (195,753) recoupe le chiffre des d\u00e9c\u00e8s de maladies respiratoires du IHME (196,983).<\/p>\n<p><iframe src=\"https:\/\/ourworldindata.org\/grapher\/annual-number-of-deaths-by-cause?time=latest&amp;country=~USA\" width=\"100%\" height=\"600px\"><\/iframe><\/p>\n<p>Si on suppose donc que 44,000 d\u00e9c\u00e8s li\u00e9s aux maladies respiratoires auraient d\u00fb \u00eatre constat\u00e9s sans l\u2019apparition de la COVID durant la p\u00e9riode du 1er mars au 30 mai 2020, on pourrait donc conclure qu\u2019en r\u00e9alit\u00e9, la COVID n\u2019a caus\u00e9 que 50,000 d\u00e9c\u00e8s suppl\u00e9mentaires li\u00e9s aux maladies respiratoires durant cette m\u00eame p\u00e9riode, c\u2019est-\u00e0-dire la diff\u00e9rence entre 94,000 et 44,000.<\/p>\n<p>En partant du principe que les d\u00e9c\u00e8s de maladies respiratoires sont habituellement comptabilis\u00e9s parmi les d\u00e9c\u00e8s survenus dans les conditions \u00ab normales \u00bb, il convient donc de calculer le vrai nombre de d\u00e9c\u00e8s caus\u00e9s par le confinement en faisant la diff\u00e9rence entre l\u2019exc\u00e9dent de mortalit\u00e9 (122,300) et les d\u00e9c\u00e8s ajust\u00e9s de COVID (50,000). Ceci nous permet donc d&#8217;affirmer que <strong>l\u2019exc\u00e8s de mortalit\u00e9 r\u00e9el indirectement li\u00e9 \u00e0 la COVID-19 aux \u00c9tats-Unis entre le 1er mars et le 30 mai 2020 est de 72,300, soit 45% de plus que l\u2019exc\u00e8s de mortalit\u00e9 directement li\u00e9 \u00e0 la COVID-19<\/strong>.<\/p>\n<p>Cela confirme donc que le confinement et la distanciation sociale ont eu des r\u00e9percussions importantes sur l\u2019exc\u00e8s de mortalit\u00e9.<\/p>\n<h3>Quel est l\u2019impact r\u00e9el du confinement?<\/h3>\n<p>Cette conclusion semble se confirmer lorsqu\u2019on analyse de <strong><a href=\"https:\/\/www.economist.com\/graphic-detail\/2020\/07\/15\/tracking-covid-19-excess-deaths-across-countries\" target=\"_blank\" rel=\"noopener noreferrer\">l\u2019\u00e9tude \u00ab Tracking COVID-19 excess deaths across countries \u00bb<\/a><\/strong> effectu\u00e9e par The Economist, dans laquelle on constate que la surmortalit\u00e9 est sup\u00e9rieure au nombre de d\u00e9c\u00e8s li\u00e9s \u00e0 la COVID-19 officiellement enregistr\u00e9 \u00e0 travers le monde.<\/p>\n<div id=\"attachment_41019\" style=\"width: 1527px\" class=\"wp-caption aligncenter\"><img loading=\"lazy\" decoding=\"async\" aria-describedby=\"caption-attachment-41019\" class=\"size-full wp-image-41019\" src=\"https:\/\/i0.wp.com\/thewonderlusters.com\/wp-content\/uploads\/2020\/07\/Surmortalit\u00e9-dans-le-monde.jpg?resize=1170%2C1580&#038;ssl=1\" alt=\"Surmortalit\u00e9-dans-le-monde\" width=\"1170\" height=\"1580\" srcset=\"https:\/\/i0.wp.com\/thewonderlusters.com\/wp-content\/uploads\/2020\/07\/Surmortalit\u00e9-dans-le-monde.jpg?w=1517&amp;ssl=1 1517w, https:\/\/i0.wp.com\/thewonderlusters.com\/wp-content\/uploads\/2020\/07\/Surmortalit\u00e9-dans-le-monde.jpg?resize=780%2C1053&amp;ssl=1 780w, https:\/\/i0.wp.com\/thewonderlusters.com\/wp-content\/uploads\/2020\/07\/Surmortalit\u00e9-dans-le-monde.jpg?resize=1170%2C1580&amp;ssl=1 1170w\" sizes=\"(max-width: 1170px) 100vw, 1170px\" data-recalc-dims=\"1\" \/><p id=\"caption-attachment-41019\" class=\"wp-caption-text\">La surmortalit\u00e9 compar\u00e9e aux d\u00e9c\u00e8s li\u00e9s \u00e0 la COVID dans le monde<\/p><\/div>\n<p>Certaines r\u00e9gions du monde r\u00e9put\u00e9es plus pauvres affichent de pr\u00e9occupants ratios de surmortalit\u00e9 par rapport aux d\u00e9c\u00e8s de COVID, comme dans la ville de Mexico (6,341 sur 22,682), en \u00c9quateur (4,527 sur 22,833), au P\u00e9rou (9,647 sur 36,224) et \u00e0 Jakarta (520 sur 4,465).<\/p>\n<p>Au contraire, des pays Europ\u00e9ens comme la France (29,514 sur 26,791), l\u2019Allemagne (8,538 sur 7,549), la Belgique (9,484 sur 8,210) pr\u00e9sentent des d\u00e9c\u00e8s de COVID sup\u00e9rieurs \u00e0 la surmortalit\u00e9 estim\u00e9e, ce qui laisse pr\u00e9sager des chiffres de COVID gonfl\u00e9s.<\/p>\n<p>\u00c0 noter la Su\u00e8de, dont la population n\u2019a pas subi de confinement, pr\u00e9sente une surmortalit\u00e9 \u00e9quivalente aux d\u00e9c\u00e8s dus \u00e0 la COVID (5,322 contre 5,334).<\/p>\n<p><strong>Cela permet donc de confirmer que le confinement et la distanciation sociale ont un impact n\u00e9gatif sur la surmortalit\u00e9.<\/strong><\/p>\n<p><strong>En r\u00e9alit\u00e9, j\u2019ai bien peur que l\u2019impact des mesures sanitaires sur la surmortalit\u00e9 pr\u00e9sent\u00e9e dans ces chiffres ne soit que la pointe de l&#8217;iceberg.<\/strong> Les effets de la distanciation sociale ne font que d\u00e9buter. Des industries enti\u00e8res telles que la restauration, l\u2019h\u00f4tellerie et le tourisme risquent d&#8217;\u00e9coper lourdement et de ne pas pouvoir se relever. Une h\u00e9catombe de commerces est \u00e0 pr\u00e9voir avec un v\u00e9ritable effet boule de neige d\u00e9vastateur sur les travailleurs et employeurs.<\/p>\n<p>Le ch\u00f4mage croissant engendrera une perte de productivit\u00e9, une diminution du PIB et une crise financi\u00e8re. Les locataires ne pourront plus payer leurs loyers, les propri\u00e9taires se retrouveront endett\u00e9s, les valeurs immobili\u00e8res chuteront, les banques s\u2019effondreront avec les \u00e9conomies des particuliers. La production industrielle agricole et les chaines d\u2019approvisionnement seront affect\u00e9es. Sous l\u2019effet de la globalisation, une famine mondiale est peut-\u00eatre \u00e0 pr\u00e9voir.<\/p>\n<p>Les gouvernements s\u2019endettent \u00e0 volont\u00e9 et ne se rel\u00e8veront pas de sit\u00f4t. L\u2019impact \u00e9conomique de la pand\u00e9mie sera probablement grave et durable.<\/p>\n<p>Chose certaine, les asiatiques s\u2019en sortiront mieux que les occidentaux.<\/p>\n<h2>Analyse des populations \u00e0 risque<\/h2>\n<h3>Quelle tranche d\u2019\u00e2ge est la plus \u00e0 risque?<\/h3>\n<p>Afin d&#8217;\u00e9valuer les populations \u00e0 risque, nous utiliserons \u00e9galement l\u2019analyse de la surmortalit\u00e9, mais cette fois-ci en r\u00e9partissant les d\u00e9c\u00e8s par tranche d\u2019\u00e2ge.<\/p>\n<p>Le Qu\u00e9bec est un bon sujet d\u2019analyse, puisque la province recense un taux \u00e9lev\u00e9 de d\u00e9c\u00e8s par million d\u2019habitant parmi les plus \u00e9lev\u00e9s au monde.<\/p>\n<p>Gr\u00e2ce aux <a href=\"https:\/\/www.stat.gouv.qc.ca\/statistiques\/population-demographie\/deces-mortalite\/nombre-hebdomadaire-deces.html\" target=\"_blank\" rel=\"noopener noreferrer\"><strong>donn\u00e9es recensant le nombre hebdomadaire de d\u00e9c\u00e8s au Qu\u00e9bec entre 2010-2020<\/strong><\/a>, j\u2019ai calcul\u00e9 que la surmortalit\u00e9 (avec comme r\u00e9f\u00e9rentiel la moyenne des ann\u00e9es 2017, 2018 et 2019) comptabilis\u00e9e du 25 mars (date du premier d\u00e9c\u00e8s d\u00e9clar\u00e9 de COVID) au 20 juin 2020 est de 5,235. La r\u00e9partition par tranche d\u2019\u00e2ge est la suivante :<\/p>\n<ul>\n<li><strong>70 ans et + : 4,704 (89.85% des d\u00e9c\u00e8s);<\/strong><\/li>\n<li>50 \u00e0 69 ans : 488 (9.33% des d\u00e9c\u00e8s);<\/li>\n<li>0-49 ans : 43 (0.82% des d\u00e9c\u00e8s).<\/li>\n<\/ul>\n<p><strong>Sans \u00e9quivoque, on constate que les personnes de plus de 70 ans sont plus \u00e0 risque de d\u00e9c\u00e9der de la COVID.<\/strong><\/p>\n<p><img loading=\"lazy\" decoding=\"async\" class=\"size-full wp-image-41021\" src=\"https:\/\/i0.wp.com\/thewonderlusters.com\/wp-content\/uploads\/2020\/07\/D\u00e9c\u00e8s-par-tranche-d\u00e2ge-Quebec.jpg?resize=1170%2C1829&#038;ssl=1\" alt=\"D\u00e9c\u00e8s-par-tranche-d\u00e2ge-Quebec\" width=\"1170\" height=\"1829\" srcset=\"https:\/\/i0.wp.com\/thewonderlusters.com\/wp-content\/uploads\/2020\/07\/D\u00e9c\u00e8s-par-tranche-d\u00e2ge-Quebec.jpg?w=1961&amp;ssl=1 1961w, https:\/\/i0.wp.com\/thewonderlusters.com\/wp-content\/uploads\/2020\/07\/D\u00e9c\u00e8s-par-tranche-d\u00e2ge-Quebec.jpg?resize=780%2C1219&amp;ssl=1 780w, https:\/\/i0.wp.com\/thewonderlusters.com\/wp-content\/uploads\/2020\/07\/D\u00e9c\u00e8s-par-tranche-d\u00e2ge-Quebec.jpg?resize=1170%2C1829&amp;ssl=1 1170w\" sizes=\"(max-width: 1170px) 100vw, 1170px\" data-recalc-dims=\"1\" \/><\/p>\n<p>Pour information, le nombre de d\u00e9c\u00e8s confirm\u00e9s de la COVID au Qu\u00e9bec pour la m\u00eame p\u00e9riode \u00e9tait de 5,510. C&#8217;est donc un chiffre un peu plus \u00e9lev\u00e9 que la surmortalit\u00e9 officiellement recens\u00e9e de 5,235.<\/p>\n<p><a href=\"https:\/\/www.economist.com\/graphic-detail\/2020\/06\/24\/when-covid-19-deaths-are-analysed-by-age-america-is-an-outlier\" target=\"_blank\" rel=\"noopener noreferrer\"><strong>Une \u00e9tude similaire faite par The Economist<\/strong><\/a> pr\u00e9sente des chiffres similaires en Europe :<\/p>\n<p>\u00ab <em>Au total, on constate une augmentation importante de la mortalit\u00e9 des deux sexes \u00e0 partir de 70 ans au cours des semaines 10 \u00e0 17 de 2020 par rapport au nombre moyen de d\u00e9c\u00e8s au cours des m\u00eames semaines en 2016-2019. En fait, <strong>le groupe d&#8217;\u00e2ge des 70 ans et plus repr\u00e9sente plus de 90 % des d\u00e9c\u00e8s suppl\u00e9mentaires<\/strong> des semaines 10 \u00e0 17 en 2020.<\/em> \u00bb<\/p>\n<p>Cette information permet de conclure que <strong>le risque de mourir de la COVID chez les personnes de moins de 70 ans est minime<\/strong>. Mais qu\u2019en est-il des plus de 70 ans, me demandez-vous?<\/p>\n<p>Pour r\u00e9pondre \u00e0 cela, il convient donc de conna\u00eetre le taux de mortalit\u00e9.<\/p>\n<h3>Quel est le taux de mortalit\u00e9 de la COVID-19?<\/h3>\n<p>Pour conna\u00eetre le taux de mortalit\u00e9, plusieurs \u00e9tudes sont disponibles. Je vous recommande de les prendre avec des pincettes car elles ne sont pas si r\u00e9centes. N\u00e9anmoins, elles donnent des r\u00e9sultats assez similaires et elles d\u00e9montrent que <strong>les personnes les plus \u00e0 risque sont bien celles qui ont plus de 70 ans. Cependant, m\u00eame dans le pire sc\u00e9nario, avec 14.8% de taux de mortalit\u00e9 parmi les plus de 80 ans, on peut dire que les chances de survie sont de 85.2%<\/strong><\/p>\n<p>Les <strong><a href=\"https:\/\/www.businessinsider.com\/coronavirus-death-rates-by-age-south-korea\" target=\"_blank\" rel=\"noopener noreferrer\">Centers for Disease Control and Prevention (CDC)<\/a><\/strong> en Chine et en Cor\u00e9e affichent les chiffres suivants.<\/p>\n<p><img loading=\"lazy\" decoding=\"async\" class=\"size-full wp-image-41025\" src=\"https:\/\/i0.wp.com\/thewonderlusters.com\/wp-content\/uploads\/2020\/07\/Taux-mortalit\u00e9-Chine.jpg?resize=1170%2C923&#038;ssl=1\" alt=\"Taux-mortalit\u00e9-Chine\" width=\"1170\" height=\"923\" srcset=\"https:\/\/i0.wp.com\/thewonderlusters.com\/wp-content\/uploads\/2020\/07\/Taux-mortalit\u00e9-Chine.jpg?w=1600&amp;ssl=1 1600w, https:\/\/i0.wp.com\/thewonderlusters.com\/wp-content\/uploads\/2020\/07\/Taux-mortalit\u00e9-Chine.jpg?resize=780%2C615&amp;ssl=1 780w, https:\/\/i0.wp.com\/thewonderlusters.com\/wp-content\/uploads\/2020\/07\/Taux-mortalit\u00e9-Chine.jpg?resize=1170%2C923&amp;ssl=1 1170w\" sizes=\"(max-width: 1170px) 100vw, 1170px\" data-recalc-dims=\"1\" \/><\/p>\n<p><img loading=\"lazy\" decoding=\"async\" class=\"size-full wp-image-41027\" src=\"https:\/\/i0.wp.com\/thewonderlusters.com\/wp-content\/uploads\/2020\/07\/Taux-mortalit\u00e9-Cor\u00e9e.jpg?resize=1170%2C878&#038;ssl=1\" alt=\"Taux-mortalit\u00e9-Cor\u00e9e\" width=\"1170\" height=\"878\" srcset=\"https:\/\/i0.wp.com\/thewonderlusters.com\/wp-content\/uploads\/2020\/07\/Taux-mortalit\u00e9-Cor\u00e9e.jpg?w=1600&amp;ssl=1 1600w, https:\/\/i0.wp.com\/thewonderlusters.com\/wp-content\/uploads\/2020\/07\/Taux-mortalit\u00e9-Cor\u00e9e.jpg?resize=780%2C585&amp;ssl=1 780w, https:\/\/i0.wp.com\/thewonderlusters.com\/wp-content\/uploads\/2020\/07\/Taux-mortalit\u00e9-Cor\u00e9e.jpg?resize=1170%2C878&amp;ssl=1 1170w\" sizes=\"(max-width: 1170px) 100vw, 1170px\" data-recalc-dims=\"1\" \/><\/p>\n<p><strong><a href=\"https:\/\/hal-pasteur.archives-ouvertes.fr\/pasteur-02548181\/document\" target=\"_blank\" rel=\"noopener noreferrer\">L\u2019Institut Pasteur<\/a> <\/strong>a publi\u00e9 ces taux de d\u00e9c\u00e8s chez les infect\u00e9s et les intervalles de confiance :<\/p>\n<p><img loading=\"lazy\" decoding=\"async\" class=\"size-full wp-image-41023\" src=\"https:\/\/i0.wp.com\/thewonderlusters.com\/wp-content\/uploads\/2020\/07\/Taux-mortalit\u00e9-institut-Pasteur.jpg?resize=871%2C1439&#038;ssl=1\" alt=\"Taux-mortalit\u00e9-institut-Pasteur\" width=\"871\" height=\"1439\" srcset=\"https:\/\/i0.wp.com\/thewonderlusters.com\/wp-content\/uploads\/2020\/07\/Taux-mortalit\u00e9-institut-Pasteur.jpg?w=871&amp;ssl=1 871w, https:\/\/i0.wp.com\/thewonderlusters.com\/wp-content\/uploads\/2020\/07\/Taux-mortalit\u00e9-institut-Pasteur.jpg?resize=780%2C1289&amp;ssl=1 780w\" sizes=\"(max-width: 871px) 100vw, 871px\" data-recalc-dims=\"1\" \/><\/p>\n<p><strong>\u00c0 la lecture de ces chiffres, on peut donc dire que dans une population moyenne, tous \u00e2ges confondus, 0.5% des personnes contamin\u00e9es meurent du virus \u2013 avec des disparit\u00e9s selon l\u2019\u00e2ge \u00e9videmment. On peut aussi dire que 99.5% des gens qui attrapent le virus survivent.<\/strong><\/p>\n<p><strong>Encore faut-il \u00eatre contamin\u00e9! Ce qui diminue encore plus le risque de mourir de la pand\u00e9mie.<\/strong><\/p>\n<p>Mais l&#8217;\u00e2ge est-il le seul facteur aggravant?<\/p>\n<h3>Les maladies chroniques augmentent-elles le risque?<\/h3>\n<p>Un facteur plus aggravant \u00e0 la mortalit\u00e9 que l\u2019\u00e2ge serait la pr\u00e9sence de maladie chronique pr\u00e9existante, comme par exemple les maladies cardiaques, hypertension, diab\u00e8te, maladies respiratoires chroniques, cancer.<\/p>\n<p><strong><a href=\"https:\/\/www.ncbi.nlm.nih.gov\/pmc\/articles\/PMC7177629\/\" target=\"_blank\" rel=\"noopener noreferrer\">Une \u00e9tude am\u00e9ricaine publi\u00e9e dans le Journal of the American Medical Association<\/a><\/strong>, portant sur 5700 patients dont l\u2019\u00e2ge m\u00e9dian \u00e9tait de 63 ans, tous hospitalis\u00e9s \u00e0 New York pour la COVID-19, pr\u00e9sente des r\u00e9sultats int\u00e9ressants.<\/p>\n<p>Parmi les personnes hospitalis\u00e9es, 6% avaient au moins un probl\u00e8me chronique de sant\u00e9, 88% en avaient deux ou plus. <strong>Seuls 6% ne souffraient pas de maladie chronique.<\/strong><\/p>\n<p><a href=\"https:\/\/www.epicentro.iss.it\/coronavirus\/bollettino\/Report-COVID-2019_17_marzo-v2.pdf\" target=\"_blank\" rel=\"noopener noreferrer\"><strong>Une \u00e9tude italienne<\/strong><\/a> r\u00e9v\u00e8le que sur un \u00e9chantillon de 355 d\u00e9c\u00e8s, <strong>99.2 % des personnes d\u00e9c\u00e9d\u00e9es de COVID-19 pr\u00e9sentaient au moins une pathologie chronique pr\u00e9existante<\/strong>.<\/p>\n<p><img loading=\"lazy\" decoding=\"async\" class=\"size-full wp-image-41031\" src=\"https:\/\/i0.wp.com\/thewonderlusters.com\/wp-content\/uploads\/2020\/07\/Pathologies-COVID-Italie-1.jpg?resize=1170%2C895&#038;ssl=1\" alt=\"Pathologies-COVID-Italie-1\" width=\"1170\" height=\"895\" srcset=\"https:\/\/i0.wp.com\/thewonderlusters.com\/wp-content\/uploads\/2020\/07\/Pathologies-COVID-Italie-1.jpg?w=1678&amp;ssl=1 1678w, https:\/\/i0.wp.com\/thewonderlusters.com\/wp-content\/uploads\/2020\/07\/Pathologies-COVID-Italie-1.jpg?resize=780%2C597&amp;ssl=1 780w, https:\/\/i0.wp.com\/thewonderlusters.com\/wp-content\/uploads\/2020\/07\/Pathologies-COVID-Italie-1.jpg?resize=1170%2C895&amp;ssl=1 1170w\" sizes=\"(max-width: 1170px) 100vw, 1170px\" data-recalc-dims=\"1\" \/><\/p>\n<h2>Conclusion<\/h2>\n<p>Il existe un assez grand concours de circonstances pour qu&#8217;une personne soit consid\u00e9r\u00e9e \u00e0 grand risque de d\u00e9c\u00e9der de la COVID-19. Pour \u00e9valuer votre risque de mourir de la pand\u00e9mie, il faut que toutes les conditions suivantes soient r\u00e9unies :<\/p>\n<ul>\n<li>\u00catre en contact avec une personne infect\u00e9e et qui vous infecte.<\/li>\n<li>Le seuil d&#8217;immunit\u00e9 collective de votre pays\/r\u00e9gion n&#8217;est pas encore atteint;<\/li>\n<li>La vague saisonni\u00e8re du virus a atteint votre pays\/r\u00e9gion;<\/li>\n<li>Vous avez plus de 70 ans;<\/li>\n<li>Vous souffrez d&#8217;au moins une pathologie chronique pr\u00e9existante;<\/li>\n<\/ul>\n<p><strong>Si toutes ces conditions sont r\u00e9unies en m\u00eame temps pour vous, alors confinez-vous et priez pour que le virus disparaisse rapidement&#8230; ou un vaccin. Sinon, toutes les chances de survie sont de votre c\u00f4t\u00e9.<\/strong><\/p>\n<p>Je reviens sur mes constats de d\u00e9part et j&#8217;y apporte quelques nuances.<\/p>\n<p>Le coronavirus est mortel car il a suscit\u00e9 \u2013 et continue de susciter \u2013 beaucoup de d\u00e9c\u00e8s. <span style=\"color: #ff0000;\">Oui, mais seulement pour les personnes les plus vuln\u00e9rables et dans les conditions \u00e9num\u00e9r\u00e9es ci-dessus.<\/span><\/p>\n<p>Les mesures sanitaires ont contribu\u00e9 \u00e0 ralentir la propagation du virus. <span style=\"color: #ff0000;\">Oui, mais les effets de ces mesures peuvent \u00eatre plus d\u00e9vastateurs sur les populations que le virus lui-m\u00eame, \u00e0 court et \u00e0 long terme. Et il n&#8217;est pas certain qu&#8217;il y aurait eu plus de d\u00e9c\u00e8s sans le confinement (directement ou indirectement li\u00e9s \u00e0 la COVID-19).<\/span><\/p>\n<p>Le d\u00e9confinement graduel dans les pays occidentaux a \u00e9t\u00e9 g\u00e9n\u00e9ralement bien orchestr\u00e9. <span style=\"color: #ff0000;\">Oui, mais les mesures restrictives post-confinement sont absolument exag\u00e9r\u00e9es dans certaines r\u00e9gions du monde &#8211; comme au Qu\u00e9bec ou dans certains pays Europ\u00e9ens. <\/span><\/p>\n<p><strong><span style=\"color: #000000;\">Rendre obligatoire le port du masque pour toute une population qui est vraisemblablement d\u00e9j\u00e0 collectivement immunis\u00e9e et dont la plupart n&#8217;ont quasiment aucune chance de mourir en attrapant un virus, qui menace seulement les plus vuln\u00e9rables et qui dispara\u00eetra probablement en 2021, en attendant de trouver un vaccin qui ne sera vraisemblablement pas efficace \u00e0 100% car le virus est\u00a0non-immunisant. <\/span>Pensez-y un instant.<\/strong><\/p>\n<p>Merci d&#8217;avoir pris le temps de me lire!<\/p>\n<p><a href=\"https:\/\/thewonderlusters.com\/fr\/a-propos-wonderlusters\/\">Poly<\/a><\/p>\n","protected":false},"excerpt":{"rendered":"<p>Existe-t-il des raisons de croire que le Coronavirus, ou COVID-19, est aussi dangereux qu&#8217;on nous le laisse entendre? Quel impact a-t-il r\u00e9ellement eu sur&hellip;<\/p>\n","protected":false},"author":2,"featured_media":41035,"comment_status":"open","ping_status":"closed","sticky":false,"template":"","format":"standard","meta":{"_lmt_disableupdate":"no","_lmt_disable":"","_jetpack_memberships_contains_paid_content":false,"footnotes":""},"categories":[165],"tags":[],"class_list":["post-40990","post","type-post","status-publish","format-standard","has-post-thumbnail","hentry","category-reflexions"],"modified_by":"Poly","jetpack_sharing_enabled":true,"jetpack_featured_media_url":"https:\/\/i0.wp.com\/thewonderlusters.com\/wp-content\/uploads\/2020\/07\/Coronavirus-dangereux.jpg?fit=2048%2C1365&ssl=1","_links":{"self":[{"href":"https:\/\/thewonderlusters.com\/fr\/wp-json\/wp\/v2\/posts\/40990","targetHints":{"allow":["GET"]}}],"collection":[{"href":"https:\/\/thewonderlusters.com\/fr\/wp-json\/wp\/v2\/posts"}],"about":[{"href":"https:\/\/thewonderlusters.com\/fr\/wp-json\/wp\/v2\/types\/post"}],"author":[{"embeddable":true,"href":"https:\/\/thewonderlusters.com\/fr\/wp-json\/wp\/v2\/users\/2"}],"replies":[{"embeddable":true,"href":"https:\/\/thewonderlusters.com\/fr\/wp-json\/wp\/v2\/comments?post=40990"}],"version-history":[{"count":0,"href":"https:\/\/thewonderlusters.com\/fr\/wp-json\/wp\/v2\/posts\/40990\/revisions"}],"wp:featuredmedia":[{"embeddable":true,"href":"https:\/\/thewonderlusters.com\/fr\/wp-json\/wp\/v2\/media\/41035"}],"wp:attachment":[{"href":"https:\/\/thewonderlusters.com\/fr\/wp-json\/wp\/v2\/media?parent=40990"}],"wp:term":[{"taxonomy":"category","embeddable":true,"href":"https:\/\/thewonderlusters.com\/fr\/wp-json\/wp\/v2\/categories?post=40990"},{"taxonomy":"post_tag","embeddable":true,"href":"https:\/\/thewonderlusters.com\/fr\/wp-json\/wp\/v2\/tags?post=40990"}],"curies":[{"name":"wp","href":"https:\/\/api.w.org\/{rel}","templated":true}]}}